{"id":10509,"date":"2016-07-13T14:00:25","date_gmt":"2016-07-13T12:00:25","guid":{"rendered":"http:\/\/laguiadepamplona.com\/actualidad\/?p=10509"},"modified":"2016-07-13T14:00:25","modified_gmt":"2016-07-13T12:00:25","slug":"comienzan-las-pruebas-medicas-para-el-primer-equipo","status":"publish","type":"post","link":"https:\/\/www.laguiadepamplona.com\/actualidad\/comienzan-las-pruebas-medicas-para-el-primer-equipo\/","title":{"rendered":"Comienzan las pruebas m\u00e9dicas para el primer equipo"},"content":{"rendered":"<h4><em>Esta ma\u00f1ana, los jugadores Fausto Tienza y Jaime Romero se han sometido en Cl\u00ednica Universidad de Navarra a las pruebas m\u00e9dicas previas al inicio de la pretemporada<\/em><\/h4>\n<p><a href=\"http:\/\/laguiadepamplona.com\/actualidad\/wp-content\/uploads\/2016\/07\/1-pruebas-medicas-2016.jpg\"><img loading=\"lazy\" decoding=\"async\" class=\"alignleft size-medium wp-image-10510\" src=\"http:\/\/laguiadepamplona.com\/actualidad\/wp-content\/uploads\/2016\/07\/1-pruebas-medicas-2016-300x200.jpg\" alt=\"1-pruebas-medicas-2016\" width=\"300\" height=\"200\" \/><\/a> Los jugadores del primer equipo del Club Atl\u00e9tico Osasuna, Fausto Tienza y Jaime Romero, se han sometido esta ma\u00f1ana a las pruebas m\u00e9dicas previas al inicio de la pretemporada futbol\u00edstica en la Cl\u00ednica Universidad de Navarra (<a href=\"http:\/\/www.cun.es\/\" target=\"_blank\">www.cun.es<\/a>). Dicho reconocimiento ha consistido en una prueba de esfuerzo con medici\u00f3n de gases, que incluye un electrocardiograma y un an\u00e1lisis de la tensi\u00f3n arterial. \u201cEsta prueba valora al deportista desde el punto de vista cardiovascular y ventilatorio, lo que nos permite detectar arritmias o riesgo de muerte s\u00fabita que, de otro modo, pasar\u00eda por alto\u201d, ha explicado el Dr. Bert\u00f3, neum\u00f3logo y responsable m\u00e9dico de Osasuna en la Cl\u00ednica Universidad de Navarra. El especialista ha a\u00f1adido que con esta prueba \u201cel jugador conoce cu\u00e1l es la frecuencia cardiaca \u00f3ptima para que el entrenamiento sea mucho m\u00e1s eficaz, al mismo tiempo que mejora su capacidad para hacer ejercicio\u201d.<\/p>\n<p><a href=\"http:\/\/laguiadepamplona.com\/actualidad\/wp-content\/uploads\/2016\/07\/2-pruebas-medicas-2016.jpg\"><img loading=\"lazy\" decoding=\"async\" class=\"alignleft size-medium wp-image-10511\" src=\"http:\/\/laguiadepamplona.com\/actualidad\/wp-content\/uploads\/2016\/07\/2-pruebas-medicas-2016-300x200.jpg\" alt=\"2-pruebas-medicas-2016\" width=\"300\" height=\"200\" \/><\/a>Por otra parte, se les ha realizado una anal\u00edtica completa (estudio del ri\u00f1\u00f3n, del h\u00edgado, de los dep\u00f3sitos de hierro, glucosa, minerales, prote\u00ednas, enzimas musculares, del colesterol, triglic\u00e9ridos, as\u00ed como de las hormonas que intervienen en el metabolismo del ejercicio) y un ecocardiograma Doppler, que \u201caporta informaci\u00f3n sobre la forma, el tama\u00f1o y la fuerza del coraz\u00f3n para detectar cardiopat\u00edas o alteraciones que pudieran afectar la salud de los jugadores\u201d, ha asegurado el doctor.<\/p>\n<p>Los jugadores han pasado dichas pruebas correctamente a la espera de los resultados de la anal\u00edtica.<\/p>\n<p>Los pr\u00f3ximos 14 y 15 de julio, continuar\u00e1n los reconocimientos para el resto de la plantilla.<\/p>\n<p>&nbsp;<\/p>\n","protected":false},"excerpt":{"rendered":"<p>Esta ma\u00f1ana, los jugadores Fausto Tienza y Jaime Romero se han sometido en Cl\u00ednica Universidad de Navarra a las pruebas m\u00e9dicas previas al inicio de la pretemporada Los jugadores del&#8230;<\/p>\n","protected":false},"author":1,"featured_media":10511,"comment_status":"closed","ping_status":"closed","sticky":false,"template":"","format":"standard","meta":{"footnotes":""},"categories":[3],"tags":[5,4008,6529,14,9157,8,15,6396,2117],"class_list":["post-10509","post","type-post","status-publish","format-standard","has-post-thumbnail","hentry","category-fundacion-osasuna","tag-actualidad","tag-comienzan","tag-equipo","tag-fundacion-osasuna-2","tag-medicas","tag-noticias","tag-osasuna","tag-primer","tag-pruebas"],"yoast_head":"<!-- This site is optimized with the Yoast SEO plugin v27.5 - https:\/\/yoast.com\/product\/yoast-seo-wordpress\/ -->\n<title>Comienzan las pruebas m\u00e9dicas para el primer equipo<\/title>\n<meta name=\"robots\" content=\"index, follow, max-snippet:-1, max-image-preview:large, max-video-preview:-1\" \/>\n<link rel=\"canonical\" href=\"https:\/\/www.laguiadepamplona.com\/actualidad\/comienzan-las-pruebas-medicas-para-el-primer-equipo\/\" \/>\n<meta property=\"og:locale\" content=\"es_ES\" \/>\n<meta property=\"og:type\" content=\"article\" \/>\n<meta property=\"og:title\" content=\"Comienzan las pruebas m\u00e9dicas para el primer equipo\" \/>\n<meta property=\"og:description\" content=\"Esta ma\u00f1ana, los jugadores Fausto Tienza y Jaime Romero se han sometido en Cl\u00ednica Universidad de Navarra a las pruebas m\u00e9dicas previas al inicio de la pretemporada Los jugadores del...\" \/>\n<meta property=\"og:url\" content=\"https:\/\/www.laguiadepamplona.com\/actualidad\/comienzan-las-pruebas-medicas-para-el-primer-equipo\/\" \/>\n<meta property=\"og:site_name\" content=\"La Gu\u00eda de Pamplona\" \/>\n<meta property=\"article:publisher\" content=\"https:\/\/www.facebook.com\/laguiadepamplonacom-133175176762273\/?ref=hl\" \/>\n<meta property=\"article:published_time\" content=\"2016-07-13T12:00:25+00:00\" \/>\n<meta name=\"author\" content=\"La Gu\u00eda de Pamplona\" \/>\n<meta name=\"twitter:card\" content=\"summary_large_image\" \/>\n<meta name=\"twitter:creator\" content=\"@LaGuiadPamplona\" \/>\n<meta name=\"twitter:site\" content=\"@LaGuiadPamplona\" \/>\n<meta name=\"twitter:label1\" content=\"Escrito por\" \/>\n\t<meta name=\"twitter:data1\" content=\"La Gu\u00eda de Pamplona\" \/>\n\t<meta name=\"twitter:label2\" content=\"Tiempo de lectura\" \/>\n\t<meta name=\"twitter:data2\" content=\"2 minutos\" \/>\n<script type=\"application\/ld+json\" class=\"yoast-schema-graph\">{\"@context\":\"https:\\\/\\\/schema.org\",\"@graph\":[{\"@type\":\"Article\",\"@id\":\"https:\\\/\\\/www.laguiadepamplona.com\\\/actualidad\\\/comienzan-las-pruebas-medicas-para-el-primer-equipo\\\/#article\",\"isPartOf\":{\"@id\":\"https:\\\/\\\/www.laguiadepamplona.com\\\/actualidad\\\/comienzan-las-pruebas-medicas-para-el-primer-equipo\\\/\"},\"author\":{\"name\":\"La Gu\u00eda de Pamplona\",\"@id\":\"https:\\\/\\\/www.laguiadepamplona.com\\\/actualidad\\\/#\\\/schema\\\/person\\\/efe887376f0213d4657c93adc50b1fdb\"},\"headline\":\"Comienzan las pruebas m\u00e9dicas para el primer equipo\",\"datePublished\":\"2016-07-13T12:00:25+00:00\",\"mainEntityOfPage\":{\"@id\":\"https:\\\/\\\/www.laguiadepamplona.com\\\/actualidad\\\/comienzan-las-pruebas-medicas-para-el-primer-equipo\\\/\"},\"wordCount\":319,\"publisher\":{\"@id\":\"https:\\\/\\\/www.laguiadepamplona.com\\\/actualidad\\\/#organization\"},\"image\":{\"@id\":\"https:\\\/\\\/www.laguiadepamplona.com\\\/actualidad\\\/comienzan-las-pruebas-medicas-para-el-primer-equipo\\\/#primaryimage\"},\"thumbnailUrl\":\"\",\"keywords\":[\"actualidad\",\"comienzan\",\"equipo\",\"fundaci\u00f3n osasuna\",\"m\u00e9dicas\",\"noticias\",\"osasuna\",\"primer\",\"pruebas\"],\"articleSection\":[\"Fundaci\u00f3n Osasuna\"],\"inLanguage\":\"es\"},{\"@type\":\"WebPage\",\"@id\":\"https:\\\/\\\/www.laguiadepamplona.com\\\/actualidad\\\/comienzan-las-pruebas-medicas-para-el-primer-equipo\\\/\",\"url\":\"https:\\\/\\\/www.laguiadepamplona.com\\\/actualidad\\\/comienzan-las-pruebas-medicas-para-el-primer-equipo\\\/\",\"name\":\"Comienzan las pruebas m\u00e9dicas para el primer equipo\",\"isPartOf\":{\"@id\":\"https:\\\/\\\/www.laguiadepamplona.com\\\/actualidad\\\/#website\"},\"primaryImageOfPage\":{\"@id\":\"https:\\\/\\\/www.laguiadepamplona.com\\\/actualidad\\\/comienzan-las-pruebas-medicas-para-el-primer-equipo\\\/#primaryimage\"},\"image\":{\"@id\":\"https:\\\/\\\/www.laguiadepamplona.com\\\/actualidad\\\/comienzan-las-pruebas-medicas-para-el-primer-equipo\\\/#primaryimage\"},\"thumbnailUrl\":\"\",\"datePublished\":\"2016-07-13T12:00:25+00:00\",\"breadcrumb\":{\"@id\":\"https:\\\/\\\/www.laguiadepamplona.com\\\/actualidad\\\/comienzan-las-pruebas-medicas-para-el-primer-equipo\\\/#breadcrumb\"},\"inLanguage\":\"es\",\"potentialAction\":[{\"@type\":\"ReadAction\",\"target\":[\"https:\\\/\\\/www.laguiadepamplona.com\\\/actualidad\\\/comienzan-las-pruebas-medicas-para-el-primer-equipo\\\/\"]}]},{\"@type\":\"ImageObject\",\"inLanguage\":\"es\",\"@id\":\"https:\\\/\\\/www.laguiadepamplona.com\\\/actualidad\\\/comienzan-las-pruebas-medicas-para-el-primer-equipo\\\/#primaryimage\",\"url\":\"\",\"contentUrl\":\"\"},{\"@type\":\"BreadcrumbList\",\"@id\":\"https:\\\/\\\/www.laguiadepamplona.com\\\/actualidad\\\/comienzan-las-pruebas-medicas-para-el-primer-equipo\\\/#breadcrumb\",\"itemListElement\":[{\"@type\":\"ListItem\",\"position\":1,\"name\":\"Portada\",\"item\":\"https:\\\/\\\/www.laguiadepamplona.com\\\/actualidad\\\/\"},{\"@type\":\"ListItem\",\"position\":2,\"name\":\"Comienzan las pruebas m\u00e9dicas para el primer equipo\"}]},{\"@type\":\"WebSite\",\"@id\":\"https:\\\/\\\/www.laguiadepamplona.com\\\/actualidad\\\/#website\",\"url\":\"https:\\\/\\\/www.laguiadepamplona.com\\\/actualidad\\\/\",\"name\":\"La gu\u00eda de Pamplona\",\"description\":\"Noticias de Pamplona\",\"publisher\":{\"@id\":\"https:\\\/\\\/www.laguiadepamplona.com\\\/actualidad\\\/#organization\"},\"potentialAction\":[{\"@type\":\"SearchAction\",\"target\":{\"@type\":\"EntryPoint\",\"urlTemplate\":\"https:\\\/\\\/www.laguiadepamplona.com\\\/actualidad\\\/?s={search_term_string}\"},\"query-input\":{\"@type\":\"PropertyValueSpecification\",\"valueRequired\":true,\"valueName\":\"search_term_string\"}}],\"inLanguage\":\"es\"},{\"@type\":\"Organization\",\"@id\":\"https:\\\/\\\/www.laguiadepamplona.com\\\/actualidad\\\/#organization\",\"name\":\"La Gu\u00eda de Pamplona \\\/ Noticias\",\"url\":\"https:\\\/\\\/www.laguiadepamplona.com\\\/actualidad\\\/\",\"logo\":{\"@type\":\"ImageObject\",\"inLanguage\":\"es\",\"@id\":\"https:\\\/\\\/www.laguiadepamplona.com\\\/actualidad\\\/#\\\/schema\\\/logo\\\/image\\\/\",\"url\":\"https:\\\/\\\/www.laguiadepamplona.com\\\/actualidad\\\/wp-content\\\/uploads\\\/2018\\\/11\\\/logo-laguiadepamplona18-web1.png\",\"contentUrl\":\"https:\\\/\\\/www.laguiadepamplona.com\\\/actualidad\\\/wp-content\\\/uploads\\\/2018\\\/11\\\/logo-laguiadepamplona18-web1.png\",\"width\":600,\"height\":196,\"caption\":\"La Gu\u00eda de Pamplona \\\/ Noticias\"},\"image\":{\"@id\":\"https:\\\/\\\/www.laguiadepamplona.com\\\/actualidad\\\/#\\\/schema\\\/logo\\\/image\\\/\"},\"sameAs\":[\"https:\\\/\\\/www.facebook.com\\\/laguiadepamplonacom-133175176762273\\\/?ref=hl\",\"https:\\\/\\\/x.com\\\/LaGuiadPamplona\",\"https:\\\/\\\/www.instagram.com\\\/la_guia_de_pamplona\\\/\",\"https:\\\/\\\/www.youtube.com\\\/user\\\/laguiadepamplona\"]},{\"@type\":\"Person\",\"@id\":\"https:\\\/\\\/www.laguiadepamplona.com\\\/actualidad\\\/#\\\/schema\\\/person\\\/efe887376f0213d4657c93adc50b1fdb\",\"name\":\"La Gu\u00eda de Pamplona\",\"image\":{\"@type\":\"ImageObject\",\"inLanguage\":\"es\",\"@id\":\"https:\\\/\\\/secure.gravatar.com\\\/avatar\\\/b6992f131dc8d30ab0dff15446e9d346d9dbd95992de0fef795073f5ea83a81c?s=96&d=mm&r=g\",\"url\":\"https:\\\/\\\/secure.gravatar.com\\\/avatar\\\/b6992f131dc8d30ab0dff15446e9d346d9dbd95992de0fef795073f5ea83a81c?s=96&d=mm&r=g\",\"contentUrl\":\"https:\\\/\\\/secure.gravatar.com\\\/avatar\\\/b6992f131dc8d30ab0dff15446e9d346d9dbd95992de0fef795073f5ea83a81c?s=96&d=mm&r=g\",\"caption\":\"La Gu\u00eda de Pamplona\"}}]}<\/script>\n<!-- \/ Yoast SEO plugin. -->","yoast_head_json":{"title":"Comienzan las pruebas m\u00e9dicas para el primer equipo","robots":{"index":"index","follow":"follow","max-snippet":"max-snippet:-1","max-image-preview":"max-image-preview:large","max-video-preview":"max-video-preview:-1"},"canonical":"https:\/\/www.laguiadepamplona.com\/actualidad\/comienzan-las-pruebas-medicas-para-el-primer-equipo\/","og_locale":"es_ES","og_type":"article","og_title":"Comienzan las pruebas m\u00e9dicas para el primer equipo","og_description":"Esta ma\u00f1ana, los jugadores Fausto Tienza y Jaime Romero se han sometido en Cl\u00ednica Universidad de Navarra a las pruebas m\u00e9dicas previas al inicio de la pretemporada Los jugadores del...","og_url":"https:\/\/www.laguiadepamplona.com\/actualidad\/comienzan-las-pruebas-medicas-para-el-primer-equipo\/","og_site_name":"La Gu\u00eda de Pamplona","article_publisher":"https:\/\/www.facebook.com\/laguiadepamplonacom-133175176762273\/?ref=hl","article_published_time":"2016-07-13T12:00:25+00:00","author":"La Gu\u00eda de Pamplona","twitter_card":"summary_large_image","twitter_creator":"@LaGuiadPamplona","twitter_site":"@LaGuiadPamplona","twitter_misc":{"Escrito por":"La Gu\u00eda de Pamplona","Tiempo de lectura":"2 minutos"},"schema":{"@context":"https:\/\/schema.org","@graph":[{"@type":"Article","@id":"https:\/\/www.laguiadepamplona.com\/actualidad\/comienzan-las-pruebas-medicas-para-el-primer-equipo\/#article","isPartOf":{"@id":"https:\/\/www.laguiadepamplona.com\/actualidad\/comienzan-las-pruebas-medicas-para-el-primer-equipo\/"},"author":{"name":"La Gu\u00eda de Pamplona","@id":"https:\/\/www.laguiadepamplona.com\/actualidad\/#\/schema\/person\/efe887376f0213d4657c93adc50b1fdb"},"headline":"Comienzan las pruebas m\u00e9dicas para el primer equipo","datePublished":"2016-07-13T12:00:25+00:00","mainEntityOfPage":{"@id":"https:\/\/www.laguiadepamplona.com\/actualidad\/comienzan-las-pruebas-medicas-para-el-primer-equipo\/"},"wordCount":319,"publisher":{"@id":"https:\/\/www.laguiadepamplona.com\/actualidad\/#organization"},"image":{"@id":"https:\/\/www.laguiadepamplona.com\/actualidad\/comienzan-las-pruebas-medicas-para-el-primer-equipo\/#primaryimage"},"thumbnailUrl":"","keywords":["actualidad","comienzan","equipo","fundaci\u00f3n osasuna","m\u00e9dicas","noticias","osasuna","primer","pruebas"],"articleSection":["Fundaci\u00f3n Osasuna"],"inLanguage":"es"},{"@type":"WebPage","@id":"https:\/\/www.laguiadepamplona.com\/actualidad\/comienzan-las-pruebas-medicas-para-el-primer-equipo\/","url":"https:\/\/www.laguiadepamplona.com\/actualidad\/comienzan-las-pruebas-medicas-para-el-primer-equipo\/","name":"Comienzan las pruebas m\u00e9dicas para el primer equipo","isPartOf":{"@id":"https:\/\/www.laguiadepamplona.com\/actualidad\/#website"},"primaryImageOfPage":{"@id":"https:\/\/www.laguiadepamplona.com\/actualidad\/comienzan-las-pruebas-medicas-para-el-primer-equipo\/#primaryimage"},"image":{"@id":"https:\/\/www.laguiadepamplona.com\/actualidad\/comienzan-las-pruebas-medicas-para-el-primer-equipo\/#primaryimage"},"thumbnailUrl":"","datePublished":"2016-07-13T12:00:25+00:00","breadcrumb":{"@id":"https:\/\/www.laguiadepamplona.com\/actualidad\/comienzan-las-pruebas-medicas-para-el-primer-equipo\/#breadcrumb"},"inLanguage":"es","potentialAction":[{"@type":"ReadAction","target":["https:\/\/www.laguiadepamplona.com\/actualidad\/comienzan-las-pruebas-medicas-para-el-primer-equipo\/"]}]},{"@type":"ImageObject","inLanguage":"es","@id":"https:\/\/www.laguiadepamplona.com\/actualidad\/comienzan-las-pruebas-medicas-para-el-primer-equipo\/#primaryimage","url":"","contentUrl":""},{"@type":"BreadcrumbList","@id":"https:\/\/www.laguiadepamplona.com\/actualidad\/comienzan-las-pruebas-medicas-para-el-primer-equipo\/#breadcrumb","itemListElement":[{"@type":"ListItem","position":1,"name":"Portada","item":"https:\/\/www.laguiadepamplona.com\/actualidad\/"},{"@type":"ListItem","position":2,"name":"Comienzan las pruebas m\u00e9dicas para el primer equipo"}]},{"@type":"WebSite","@id":"https:\/\/www.laguiadepamplona.com\/actualidad\/#website","url":"https:\/\/www.laguiadepamplona.com\/actualidad\/","name":"La gu\u00eda de Pamplona","description":"Noticias de Pamplona","publisher":{"@id":"https:\/\/www.laguiadepamplona.com\/actualidad\/#organization"},"potentialAction":[{"@type":"SearchAction","target":{"@type":"EntryPoint","urlTemplate":"https:\/\/www.laguiadepamplona.com\/actualidad\/?s={search_term_string}"},"query-input":{"@type":"PropertyValueSpecification","valueRequired":true,"valueName":"search_term_string"}}],"inLanguage":"es"},{"@type":"Organization","@id":"https:\/\/www.laguiadepamplona.com\/actualidad\/#organization","name":"La Gu\u00eda de Pamplona \/ Noticias","url":"https:\/\/www.laguiadepamplona.com\/actualidad\/","logo":{"@type":"ImageObject","inLanguage":"es","@id":"https:\/\/www.laguiadepamplona.com\/actualidad\/#\/schema\/logo\/image\/","url":"https:\/\/www.laguiadepamplona.com\/actualidad\/wp-content\/uploads\/2018\/11\/logo-laguiadepamplona18-web1.png","contentUrl":"https:\/\/www.laguiadepamplona.com\/actualidad\/wp-content\/uploads\/2018\/11\/logo-laguiadepamplona18-web1.png","width":600,"height":196,"caption":"La Gu\u00eda de Pamplona \/ Noticias"},"image":{"@id":"https:\/\/www.laguiadepamplona.com\/actualidad\/#\/schema\/logo\/image\/"},"sameAs":["https:\/\/www.facebook.com\/laguiadepamplonacom-133175176762273\/?ref=hl","https:\/\/x.com\/LaGuiadPamplona","https:\/\/www.instagram.com\/la_guia_de_pamplona\/","https:\/\/www.youtube.com\/user\/laguiadepamplona"]},{"@type":"Person","@id":"https:\/\/www.laguiadepamplona.com\/actualidad\/#\/schema\/person\/efe887376f0213d4657c93adc50b1fdb","name":"La Gu\u00eda de Pamplona","image":{"@type":"ImageObject","inLanguage":"es","@id":"https:\/\/secure.gravatar.com\/avatar\/b6992f131dc8d30ab0dff15446e9d346d9dbd95992de0fef795073f5ea83a81c?s=96&d=mm&r=g","url":"https:\/\/secure.gravatar.com\/avatar\/b6992f131dc8d30ab0dff15446e9d346d9dbd95992de0fef795073f5ea83a81c?s=96&d=mm&r=g","contentUrl":"https:\/\/secure.gravatar.com\/avatar\/b6992f131dc8d30ab0dff15446e9d346d9dbd95992de0fef795073f5ea83a81c?s=96&d=mm&r=g","caption":"La Gu\u00eda de Pamplona"}}]}},"post_mailing_queue_ids":[],"_links":{"self":[{"href":"https:\/\/www.laguiadepamplona.com\/actualidad\/wp-json\/wp\/v2\/posts\/10509","targetHints":{"allow":["GET"]}}],"collection":[{"href":"https:\/\/www.laguiadepamplona.com\/actualidad\/wp-json\/wp\/v2\/posts"}],"about":[{"href":"https:\/\/www.laguiadepamplona.com\/actualidad\/wp-json\/wp\/v2\/types\/post"}],"author":[{"embeddable":true,"href":"https:\/\/www.laguiadepamplona.com\/actualidad\/wp-json\/wp\/v2\/users\/1"}],"replies":[{"embeddable":true,"href":"https:\/\/www.laguiadepamplona.com\/actualidad\/wp-json\/wp\/v2\/comments?post=10509"}],"version-history":[{"count":0,"href":"https:\/\/www.laguiadepamplona.com\/actualidad\/wp-json\/wp\/v2\/posts\/10509\/revisions"}],"wp:featuredmedia":[{"embeddable":true,"href":"https:\/\/www.laguiadepamplona.com\/actualidad\/wp-json\/"}],"wp:attachment":[{"href":"https:\/\/www.laguiadepamplona.com\/actualidad\/wp-json\/wp\/v2\/media?parent=10509"}],"wp:term":[{"taxonomy":"category","embeddable":true,"href":"https:\/\/www.laguiadepamplona.com\/actualidad\/wp-json\/wp\/v2\/categories?post=10509"},{"taxonomy":"post_tag","embeddable":true,"href":"https:\/\/www.laguiadepamplona.com\/actualidad\/wp-json\/wp\/v2\/tags?post=10509"}],"curies":[{"name":"wp","href":"https:\/\/api.w.org\/{rel}","templated":true}]}}