{"id":1050,"date":"2014-04-02T20:00:36","date_gmt":"2014-04-02T19:00:36","guid":{"rendered":"http:\/\/laguiadepamplona.es\/noticias\/?p=1050"},"modified":"2014-04-02T20:00:36","modified_gmt":"2014-04-02T19:00:36","slug":"el-proximo-viernes-a-las-21-horas-la-dolorosa-sera-trasladada-en-andas-desde-san-lorenzo-hasta-la-catedral-iniciando-la-semana-santa-en-la-ciudad","status":"publish","type":"post","link":"https:\/\/www.laguiadepamplona.com\/actualidad\/el-proximo-viernes-a-las-21-horas-la-dolorosa-sera-trasladada-en-andas-desde-san-lorenzo-hasta-la-catedral-iniciando-la-semana-santa-en-la-ciudad\/","title":{"rendered":"El pr\u00f3ximo viernes, a las 21 horas, La Dolorosa ser\u00e1 trasladada en andas desde San Lorenzo hasta la Catedral, iniciando la Semana Santa en la ciudad"},"content":{"rendered":"<h6>El paso, de propiedad municipal, es el m\u00e1s antiguo de los que recorrer\u00e1n Pamplona en estos d\u00edas<\/h6>\n<p><a href=\"http:\/\/laguiadepamplona.es\/noticias\/wp-content\/uploads\/2014\/04\/traslado-dolorosa.jpg\"><img loading=\"lazy\" decoding=\"async\" class=\"alignleft size-medium wp-image-1051\" alt=\"traslado-dolorosa\" src=\"http:\/\/laguiadepamplona.es\/noticias\/wp-content\/uploads\/2014\/04\/traslado-dolorosa-300x199.jpg\" width=\"300\" height=\"199\" \/><\/a>El pr\u00f3ximo viernes, a las 21 horas, los ciudadanos de Pamplona y la Corporaci\u00f3n municipal est\u00e1n invitados a participar en el tradicional traslado de la imagen de La Dolorosa, desde la Iglesia de San Lorenzo, a la Catedral. A partir de esa fecha el paso quedar\u00e1 expuesto para la veneraci\u00f3n de los fieles en la Catedral de Santa Mar\u00eda.<\/p>\n<p>El acto procesional de traslado de la imagen del 4 de abril durar\u00e1 aproximadamente 40 minutos. Se iniciar\u00e1 en San Lorenzo y la comitiva se desplazar\u00e1 por la calle Mayor y plaza Consistorial hacia la calle Curia, por donde acceder\u00e1 hasta la Catedral, templo en el que la comitiva ser\u00e1 recibida por el de\u00e1n, Carlos Ayerra, y el Cabildo Catedralicio.<\/p>\n<p>En el cortejo, que abren los m\u00fasicos de la Hermandad de la Pasi\u00f3n (hermanos vestidos en negro y morado), adem\u00e1s del paso tradicional, estar\u00e1n el Cabildo de San Lorenzo, miembros de ambas hermandades, Hermanas de La Soledad, el alcalde de Pamplona y los asistentes de la Corporaci\u00f3n local. Cerrar\u00e1 la procesi\u00f3n la banda de m\u00fasica La Pamplonesa. En el acto de la Catedral participar\u00e1n, adem\u00e1s, el Orfe\u00f3n Pamplon\u00e9s y la Capilla de M\u00fasica de la Catedral que interpretar\u00e1n las partituras \u201c<i>Ama birgi\u00f1a doloretakoari<\/i>\u201d y \u201c<i>Caligaverunt oculi mei<\/i>\u201d, de Felipe Gorriti y de Tom\u00e1s Luis de Victoria, respectivamente. La \u00faltima pieza musical ser\u00e1 la \u201c<i>Salve Regina\u201d <\/i>que entonen los asistentes.<\/p>\n<p>El Viernes Santo el paso se sumar\u00e1 a los 12 pasos del cortejo del Santo Entierro para regresar, de madrugada, a la Iglesia de San Lorenzo, lugar donde la imagen recibe a los fieles durante el a\u00f1o.<\/p>\n<p><strong>1,2 toneladas sobre 24 portadores<\/strong><\/p>\n<p>La imagen de esta virgen, cuya advocaci\u00f3n es \u2018Nuestra Se\u00f1ora de La Soledad\u2019, es la m\u00e1s antigua de entre los pasos de la Semana Santa y el \u00fanico de propiedad municipal. Para trasladar su gran tonelaje hacen falta 24 personas, en dos turnos de relevos. Tradicionalmente se encargan de esta labor los miembros de la Hermandad de la Paz y la Caridad que van ataviados con t\u00fanica verde y caperuza en oro. Los portadores deben tener entre 18 y 55 a\u00f1os y se dividen la tarea en relaci\u00f3n a la altura, coordinados por el llamado \u201cJefe de paso\u201d. El equipo de portadores de menor talla ser\u00e1 el primero en intervenir, para sacar la imagen del templo sin demasiada dificultad; luego, ya a cielo abierto, comenzar\u00e1n los relevos con el turno de portadores mayor talla. A los 48 portadores que intervendr\u00e1n en la procesi\u00f3n les acompa\u00f1an tradicionalmente antiguos portadores de la hermandad y ni\u00f1os vinculados a esa organizaci\u00f3n.<\/p>\n<p><strong>Una imagen de propiedad municipal<\/strong><\/p>\n<p>La Dolorosa es la imagen m\u00e1s antigua de entre los pasos de la Semana Santa pamplonesa y el \u00fanico de propiedad municipal. Fue realizado el \u00faltimo tercio del siglo XIX (1883) por Rosendo Nobas i Ballb\u00e9 (Barcelona,1838-1891), un escultor catal\u00e1n especializado en im\u00e1genes religiosas, retratos y escultura funeraria. El Ayuntamiento pag\u00f3 por \u00e9l 200 pesetas, m\u00e1s otras 48 en concepto de embalaje y transporte desde el taller del escultor. Los gastos se sufragaron gracias a la herencia legada al Consistorio por Sof\u00eda Villanueva Armend\u00e1riz, pamplonesa residente en Tolosa.<\/p>\n<p>Aunque la Dolorosa es una imagen de las llamadas de \u2018vestir\u2019, en realidad no s\u00f3lo tiene talladas la cara y las manos, sino que posee tronco y extremidades y, aunque sus partes son obra del mismo autor, las piezas se realizaron por separado. La imagen tiene una altura de 166 cms y pesa casi una tonelada (980 kilos), aunque el conjunto del paso llega hasta las 1,2 toneladas, tras la incorporaci\u00f3n de nuevas luminarias de unos 200 kilos, en el a\u00f1o 2000. Seg\u00fan consta en los archivos, la imagen ha sido restaurada en tres ocasiones: 1973, 1990 y 2000.<\/p>\n<p>Los ropajes de la imagen tienen un especial inter\u00e9s. El manto original pertenec\u00eda a la casa Roca y Casadevall y cost\u00f3 9.600 reales. Desde su sustituci\u00f3n en 1958, la riqueza de los ropajes de la imagen es obra de las Madres Adoratrices de Pamplona, y las encargadas de ataviarla son tradicionalmente las camareras de la Hermandad de la Soledad. Para evitar el deterioro del manto en 2002 se fabric\u00f3 un impermeable de goretex que se encargan de mantener las Madres Recoletas.<\/p>\n<p>&nbsp;<\/p>\n","protected":false},"excerpt":{"rendered":"<p>El paso, de propiedad municipal, es el m\u00e1s antiguo de los que recorrer\u00e1n Pamplona en estos d\u00edas El pr\u00f3ximo viernes, a las 21 horas, los ciudadanos de Pamplona y la&#8230;<\/p>\n","protected":false},"author":1,"featured_media":1051,"comment_status":"open","ping_status":"open","sticky":false,"template":"","format":"standard","meta":{"footnotes":""},"categories":[2],"tags":[5,6,8,9,682],"class_list":["post-1050","post","type-post","status-publish","format-standard","has-post-thumbnail","hentry","category-ayuntamiento-pamplona","tag-actualidad","tag-ayto-pamplona","tag-noticias","tag-pamplona","tag-traslado-dolorosa"],"yoast_head":"<!-- This site is optimized with the Yoast SEO plugin v27.5 - https:\/\/yoast.com\/product\/yoast-seo-wordpress\/ -->\n<title>El pr\u00f3ximo viernes, a las 21 horas, La Dolorosa ser\u00e1 trasladada en andas desde San Lorenzo hasta la Catedral, iniciando la Semana Santa en la ciudad<\/title>\n<meta name=\"robots\" content=\"index, follow, max-snippet:-1, max-image-preview:large, max-video-preview:-1\" \/>\n<link rel=\"canonical\" href=\"https:\/\/www.laguiadepamplona.com\/actualidad\/el-proximo-viernes-a-las-21-horas-la-dolorosa-sera-trasladada-en-andas-desde-san-lorenzo-hasta-la-catedral-iniciando-la-semana-santa-en-la-ciudad\/\" \/>\n<meta property=\"og:locale\" content=\"es_ES\" \/>\n<meta property=\"og:type\" content=\"article\" \/>\n<meta property=\"og:title\" content=\"El pr\u00f3ximo viernes, a las 21 horas, La Dolorosa ser\u00e1 trasladada en andas desde San Lorenzo hasta la Catedral, iniciando la Semana Santa en la ciudad\" \/>\n<meta property=\"og:description\" content=\"El paso, de propiedad municipal, es el m\u00e1s antiguo de los que recorrer\u00e1n Pamplona en estos d\u00edas El pr\u00f3ximo viernes, a las 21 horas, los ciudadanos de Pamplona y la...\" \/>\n<meta property=\"og:url\" content=\"https:\/\/www.laguiadepamplona.com\/actualidad\/el-proximo-viernes-a-las-21-horas-la-dolorosa-sera-trasladada-en-andas-desde-san-lorenzo-hasta-la-catedral-iniciando-la-semana-santa-en-la-ciudad\/\" \/>\n<meta property=\"og:site_name\" content=\"La Gu\u00eda de Pamplona\" \/>\n<meta property=\"article:publisher\" content=\"https:\/\/www.facebook.com\/laguiadepamplonacom-133175176762273\/?ref=hl\" \/>\n<meta property=\"article:published_time\" content=\"2014-04-02T19:00:36+00:00\" \/>\n<meta name=\"author\" content=\"La Gu\u00eda de Pamplona\" \/>\n<meta name=\"twitter:card\" content=\"summary_large_image\" \/>\n<meta name=\"twitter:creator\" content=\"@LaGuiadPamplona\" \/>\n<meta name=\"twitter:site\" content=\"@LaGuiadPamplona\" \/>\n<meta name=\"twitter:label1\" content=\"Escrito por\" \/>\n\t<meta name=\"twitter:data1\" content=\"La Gu\u00eda de Pamplona\" \/>\n\t<meta name=\"twitter:label2\" content=\"Tiempo de lectura\" \/>\n\t<meta name=\"twitter:data2\" content=\"4 minutos\" \/>\n<script type=\"application\/ld+json\" class=\"yoast-schema-graph\">{\"@context\":\"https:\\\/\\\/schema.org\",\"@graph\":[{\"@type\":\"Article\",\"@id\":\"https:\\\/\\\/www.laguiadepamplona.com\\\/actualidad\\\/el-proximo-viernes-a-las-21-horas-la-dolorosa-sera-trasladada-en-andas-desde-san-lorenzo-hasta-la-catedral-iniciando-la-semana-santa-en-la-ciudad\\\/#article\",\"isPartOf\":{\"@id\":\"https:\\\/\\\/www.laguiadepamplona.com\\\/actualidad\\\/el-proximo-viernes-a-las-21-horas-la-dolorosa-sera-trasladada-en-andas-desde-san-lorenzo-hasta-la-catedral-iniciando-la-semana-santa-en-la-ciudad\\\/\"},\"author\":{\"name\":\"La Gu\u00eda de Pamplona\",\"@id\":\"https:\\\/\\\/www.laguiadepamplona.com\\\/actualidad\\\/#\\\/schema\\\/person\\\/efe887376f0213d4657c93adc50b1fdb\"},\"headline\":\"El pr\u00f3ximo viernes, a las 21 horas, La Dolorosa ser\u00e1 trasladada en andas desde San Lorenzo hasta la Catedral, iniciando la Semana Santa en la ciudad\",\"datePublished\":\"2014-04-02T19:00:36+00:00\",\"mainEntityOfPage\":{\"@id\":\"https:\\\/\\\/www.laguiadepamplona.com\\\/actualidad\\\/el-proximo-viernes-a-las-21-horas-la-dolorosa-sera-trasladada-en-andas-desde-san-lorenzo-hasta-la-catedral-iniciando-la-semana-santa-en-la-ciudad\\\/\"},\"wordCount\":771,\"commentCount\":0,\"publisher\":{\"@id\":\"https:\\\/\\\/www.laguiadepamplona.com\\\/actualidad\\\/#organization\"},\"image\":{\"@id\":\"https:\\\/\\\/www.laguiadepamplona.com\\\/actualidad\\\/el-proximo-viernes-a-las-21-horas-la-dolorosa-sera-trasladada-en-andas-desde-san-lorenzo-hasta-la-catedral-iniciando-la-semana-santa-en-la-ciudad\\\/#primaryimage\"},\"thumbnailUrl\":\"\",\"keywords\":[\"actualidad\",\"ayto pamplona\",\"noticias\",\"pamplona\",\"traslado dolorosa\"],\"articleSection\":[\"Ayto Pamplona\"],\"inLanguage\":\"es\",\"potentialAction\":[{\"@type\":\"CommentAction\",\"name\":\"Comment\",\"target\":[\"https:\\\/\\\/www.laguiadepamplona.com\\\/actualidad\\\/el-proximo-viernes-a-las-21-horas-la-dolorosa-sera-trasladada-en-andas-desde-san-lorenzo-hasta-la-catedral-iniciando-la-semana-santa-en-la-ciudad\\\/#respond\"]}]},{\"@type\":\"WebPage\",\"@id\":\"https:\\\/\\\/www.laguiadepamplona.com\\\/actualidad\\\/el-proximo-viernes-a-las-21-horas-la-dolorosa-sera-trasladada-en-andas-desde-san-lorenzo-hasta-la-catedral-iniciando-la-semana-santa-en-la-ciudad\\\/\",\"url\":\"https:\\\/\\\/www.laguiadepamplona.com\\\/actualidad\\\/el-proximo-viernes-a-las-21-horas-la-dolorosa-sera-trasladada-en-andas-desde-san-lorenzo-hasta-la-catedral-iniciando-la-semana-santa-en-la-ciudad\\\/\",\"name\":\"El pr\u00f3ximo viernes, a las 21 horas, La Dolorosa ser\u00e1 trasladada en andas desde San Lorenzo hasta la Catedral, iniciando la Semana Santa en la ciudad\",\"isPartOf\":{\"@id\":\"https:\\\/\\\/www.laguiadepamplona.com\\\/actualidad\\\/#website\"},\"primaryImageOfPage\":{\"@id\":\"https:\\\/\\\/www.laguiadepamplona.com\\\/actualidad\\\/el-proximo-viernes-a-las-21-horas-la-dolorosa-sera-trasladada-en-andas-desde-san-lorenzo-hasta-la-catedral-iniciando-la-semana-santa-en-la-ciudad\\\/#primaryimage\"},\"image\":{\"@id\":\"https:\\\/\\\/www.laguiadepamplona.com\\\/actualidad\\\/el-proximo-viernes-a-las-21-horas-la-dolorosa-sera-trasladada-en-andas-desde-san-lorenzo-hasta-la-catedral-iniciando-la-semana-santa-en-la-ciudad\\\/#primaryimage\"},\"thumbnailUrl\":\"\",\"datePublished\":\"2014-04-02T19:00:36+00:00\",\"breadcrumb\":{\"@id\":\"https:\\\/\\\/www.laguiadepamplona.com\\\/actualidad\\\/el-proximo-viernes-a-las-21-horas-la-dolorosa-sera-trasladada-en-andas-desde-san-lorenzo-hasta-la-catedral-iniciando-la-semana-santa-en-la-ciudad\\\/#breadcrumb\"},\"inLanguage\":\"es\",\"potentialAction\":[{\"@type\":\"ReadAction\",\"target\":[\"https:\\\/\\\/www.laguiadepamplona.com\\\/actualidad\\\/el-proximo-viernes-a-las-21-horas-la-dolorosa-sera-trasladada-en-andas-desde-san-lorenzo-hasta-la-catedral-iniciando-la-semana-santa-en-la-ciudad\\\/\"]}]},{\"@type\":\"ImageObject\",\"inLanguage\":\"es\",\"@id\":\"https:\\\/\\\/www.laguiadepamplona.com\\\/actualidad\\\/el-proximo-viernes-a-las-21-horas-la-dolorosa-sera-trasladada-en-andas-desde-san-lorenzo-hasta-la-catedral-iniciando-la-semana-santa-en-la-ciudad\\\/#primaryimage\",\"url\":\"\",\"contentUrl\":\"\"},{\"@type\":\"BreadcrumbList\",\"@id\":\"https:\\\/\\\/www.laguiadepamplona.com\\\/actualidad\\\/el-proximo-viernes-a-las-21-horas-la-dolorosa-sera-trasladada-en-andas-desde-san-lorenzo-hasta-la-catedral-iniciando-la-semana-santa-en-la-ciudad\\\/#breadcrumb\",\"itemListElement\":[{\"@type\":\"ListItem\",\"position\":1,\"name\":\"Portada\",\"item\":\"https:\\\/\\\/www.laguiadepamplona.com\\\/actualidad\\\/\"},{\"@type\":\"ListItem\",\"position\":2,\"name\":\"El pr\u00f3ximo viernes, a las 21 horas, La Dolorosa ser\u00e1 trasladada en andas desde San Lorenzo hasta la Catedral, iniciando la Semana Santa en la ciudad\"}]},{\"@type\":\"WebSite\",\"@id\":\"https:\\\/\\\/www.laguiadepamplona.com\\\/actualidad\\\/#website\",\"url\":\"https:\\\/\\\/www.laguiadepamplona.com\\\/actualidad\\\/\",\"name\":\"La gu\u00eda de Pamplona\",\"description\":\"Noticias de Pamplona\",\"publisher\":{\"@id\":\"https:\\\/\\\/www.laguiadepamplona.com\\\/actualidad\\\/#organization\"},\"potentialAction\":[{\"@type\":\"SearchAction\",\"target\":{\"@type\":\"EntryPoint\",\"urlTemplate\":\"https:\\\/\\\/www.laguiadepamplona.com\\\/actualidad\\\/?s={search_term_string}\"},\"query-input\":{\"@type\":\"PropertyValueSpecification\",\"valueRequired\":true,\"valueName\":\"search_term_string\"}}],\"inLanguage\":\"es\"},{\"@type\":\"Organization\",\"@id\":\"https:\\\/\\\/www.laguiadepamplona.com\\\/actualidad\\\/#organization\",\"name\":\"La Gu\u00eda de Pamplona \\\/ Noticias\",\"url\":\"https:\\\/\\\/www.laguiadepamplona.com\\\/actualidad\\\/\",\"logo\":{\"@type\":\"ImageObject\",\"inLanguage\":\"es\",\"@id\":\"https:\\\/\\\/www.laguiadepamplona.com\\\/actualidad\\\/#\\\/schema\\\/logo\\\/image\\\/\",\"url\":\"https:\\\/\\\/www.laguiadepamplona.com\\\/actualidad\\\/wp-content\\\/uploads\\\/2018\\\/11\\\/logo-laguiadepamplona18-web1.png\",\"contentUrl\":\"https:\\\/\\\/www.laguiadepamplona.com\\\/actualidad\\\/wp-content\\\/uploads\\\/2018\\\/11\\\/logo-laguiadepamplona18-web1.png\",\"width\":600,\"height\":196,\"caption\":\"La Gu\u00eda de Pamplona \\\/ Noticias\"},\"image\":{\"@id\":\"https:\\\/\\\/www.laguiadepamplona.com\\\/actualidad\\\/#\\\/schema\\\/logo\\\/image\\\/\"},\"sameAs\":[\"https:\\\/\\\/www.facebook.com\\\/laguiadepamplonacom-133175176762273\\\/?ref=hl\",\"https:\\\/\\\/x.com\\\/LaGuiadPamplona\",\"https:\\\/\\\/www.instagram.com\\\/la_guia_de_pamplona\\\/\",\"https:\\\/\\\/www.youtube.com\\\/user\\\/laguiadepamplona\"]},{\"@type\":\"Person\",\"@id\":\"https:\\\/\\\/www.laguiadepamplona.com\\\/actualidad\\\/#\\\/schema\\\/person\\\/efe887376f0213d4657c93adc50b1fdb\",\"name\":\"La Gu\u00eda de Pamplona\",\"image\":{\"@type\":\"ImageObject\",\"inLanguage\":\"es\",\"@id\":\"https:\\\/\\\/secure.gravatar.com\\\/avatar\\\/b6992f131dc8d30ab0dff15446e9d346d9dbd95992de0fef795073f5ea83a81c?s=96&d=mm&r=g\",\"url\":\"https:\\\/\\\/secure.gravatar.com\\\/avatar\\\/b6992f131dc8d30ab0dff15446e9d346d9dbd95992de0fef795073f5ea83a81c?s=96&d=mm&r=g\",\"contentUrl\":\"https:\\\/\\\/secure.gravatar.com\\\/avatar\\\/b6992f131dc8d30ab0dff15446e9d346d9dbd95992de0fef795073f5ea83a81c?s=96&d=mm&r=g\",\"caption\":\"La Gu\u00eda de Pamplona\"}}]}<\/script>\n<!-- \/ Yoast SEO plugin. -->","yoast_head_json":{"title":"El pr\u00f3ximo viernes, a las 21 horas, La Dolorosa ser\u00e1 trasladada en andas desde San Lorenzo hasta la Catedral, iniciando la Semana Santa en la ciudad","robots":{"index":"index","follow":"follow","max-snippet":"max-snippet:-1","max-image-preview":"max-image-preview:large","max-video-preview":"max-video-preview:-1"},"canonical":"https:\/\/www.laguiadepamplona.com\/actualidad\/el-proximo-viernes-a-las-21-horas-la-dolorosa-sera-trasladada-en-andas-desde-san-lorenzo-hasta-la-catedral-iniciando-la-semana-santa-en-la-ciudad\/","og_locale":"es_ES","og_type":"article","og_title":"El pr\u00f3ximo viernes, a las 21 horas, La Dolorosa ser\u00e1 trasladada en andas desde San Lorenzo hasta la Catedral, iniciando la Semana Santa en la ciudad","og_description":"El paso, de propiedad municipal, es el m\u00e1s antiguo de los que recorrer\u00e1n Pamplona en estos d\u00edas El pr\u00f3ximo viernes, a las 21 horas, los ciudadanos de Pamplona y la...","og_url":"https:\/\/www.laguiadepamplona.com\/actualidad\/el-proximo-viernes-a-las-21-horas-la-dolorosa-sera-trasladada-en-andas-desde-san-lorenzo-hasta-la-catedral-iniciando-la-semana-santa-en-la-ciudad\/","og_site_name":"La Gu\u00eda de Pamplona","article_publisher":"https:\/\/www.facebook.com\/laguiadepamplonacom-133175176762273\/?ref=hl","article_published_time":"2014-04-02T19:00:36+00:00","author":"La Gu\u00eda de Pamplona","twitter_card":"summary_large_image","twitter_creator":"@LaGuiadPamplona","twitter_site":"@LaGuiadPamplona","twitter_misc":{"Escrito por":"La Gu\u00eda de Pamplona","Tiempo de lectura":"4 minutos"},"schema":{"@context":"https:\/\/schema.org","@graph":[{"@type":"Article","@id":"https:\/\/www.laguiadepamplona.com\/actualidad\/el-proximo-viernes-a-las-21-horas-la-dolorosa-sera-trasladada-en-andas-desde-san-lorenzo-hasta-la-catedral-iniciando-la-semana-santa-en-la-ciudad\/#article","isPartOf":{"@id":"https:\/\/www.laguiadepamplona.com\/actualidad\/el-proximo-viernes-a-las-21-horas-la-dolorosa-sera-trasladada-en-andas-desde-san-lorenzo-hasta-la-catedral-iniciando-la-semana-santa-en-la-ciudad\/"},"author":{"name":"La Gu\u00eda de Pamplona","@id":"https:\/\/www.laguiadepamplona.com\/actualidad\/#\/schema\/person\/efe887376f0213d4657c93adc50b1fdb"},"headline":"El pr\u00f3ximo viernes, a las 21 horas, La Dolorosa ser\u00e1 trasladada en andas desde San Lorenzo hasta la Catedral, iniciando la Semana Santa en la ciudad","datePublished":"2014-04-02T19:00:36+00:00","mainEntityOfPage":{"@id":"https:\/\/www.laguiadepamplona.com\/actualidad\/el-proximo-viernes-a-las-21-horas-la-dolorosa-sera-trasladada-en-andas-desde-san-lorenzo-hasta-la-catedral-iniciando-la-semana-santa-en-la-ciudad\/"},"wordCount":771,"commentCount":0,"publisher":{"@id":"https:\/\/www.laguiadepamplona.com\/actualidad\/#organization"},"image":{"@id":"https:\/\/www.laguiadepamplona.com\/actualidad\/el-proximo-viernes-a-las-21-horas-la-dolorosa-sera-trasladada-en-andas-desde-san-lorenzo-hasta-la-catedral-iniciando-la-semana-santa-en-la-ciudad\/#primaryimage"},"thumbnailUrl":"","keywords":["actualidad","ayto pamplona","noticias","pamplona","traslado dolorosa"],"articleSection":["Ayto Pamplona"],"inLanguage":"es","potentialAction":[{"@type":"CommentAction","name":"Comment","target":["https:\/\/www.laguiadepamplona.com\/actualidad\/el-proximo-viernes-a-las-21-horas-la-dolorosa-sera-trasladada-en-andas-desde-san-lorenzo-hasta-la-catedral-iniciando-la-semana-santa-en-la-ciudad\/#respond"]}]},{"@type":"WebPage","@id":"https:\/\/www.laguiadepamplona.com\/actualidad\/el-proximo-viernes-a-las-21-horas-la-dolorosa-sera-trasladada-en-andas-desde-san-lorenzo-hasta-la-catedral-iniciando-la-semana-santa-en-la-ciudad\/","url":"https:\/\/www.laguiadepamplona.com\/actualidad\/el-proximo-viernes-a-las-21-horas-la-dolorosa-sera-trasladada-en-andas-desde-san-lorenzo-hasta-la-catedral-iniciando-la-semana-santa-en-la-ciudad\/","name":"El pr\u00f3ximo viernes, a las 21 horas, La Dolorosa ser\u00e1 trasladada en andas desde San Lorenzo hasta la Catedral, iniciando la Semana Santa en la ciudad","isPartOf":{"@id":"https:\/\/www.laguiadepamplona.com\/actualidad\/#website"},"primaryImageOfPage":{"@id":"https:\/\/www.laguiadepamplona.com\/actualidad\/el-proximo-viernes-a-las-21-horas-la-dolorosa-sera-trasladada-en-andas-desde-san-lorenzo-hasta-la-catedral-iniciando-la-semana-santa-en-la-ciudad\/#primaryimage"},"image":{"@id":"https:\/\/www.laguiadepamplona.com\/actualidad\/el-proximo-viernes-a-las-21-horas-la-dolorosa-sera-trasladada-en-andas-desde-san-lorenzo-hasta-la-catedral-iniciando-la-semana-santa-en-la-ciudad\/#primaryimage"},"thumbnailUrl":"","datePublished":"2014-04-02T19:00:36+00:00","breadcrumb":{"@id":"https:\/\/www.laguiadepamplona.com\/actualidad\/el-proximo-viernes-a-las-21-horas-la-dolorosa-sera-trasladada-en-andas-desde-san-lorenzo-hasta-la-catedral-iniciando-la-semana-santa-en-la-ciudad\/#breadcrumb"},"inLanguage":"es","potentialAction":[{"@type":"ReadAction","target":["https:\/\/www.laguiadepamplona.com\/actualidad\/el-proximo-viernes-a-las-21-horas-la-dolorosa-sera-trasladada-en-andas-desde-san-lorenzo-hasta-la-catedral-iniciando-la-semana-santa-en-la-ciudad\/"]}]},{"@type":"ImageObject","inLanguage":"es","@id":"https:\/\/www.laguiadepamplona.com\/actualidad\/el-proximo-viernes-a-las-21-horas-la-dolorosa-sera-trasladada-en-andas-desde-san-lorenzo-hasta-la-catedral-iniciando-la-semana-santa-en-la-ciudad\/#primaryimage","url":"","contentUrl":""},{"@type":"BreadcrumbList","@id":"https:\/\/www.laguiadepamplona.com\/actualidad\/el-proximo-viernes-a-las-21-horas-la-dolorosa-sera-trasladada-en-andas-desde-san-lorenzo-hasta-la-catedral-iniciando-la-semana-santa-en-la-ciudad\/#breadcrumb","itemListElement":[{"@type":"ListItem","position":1,"name":"Portada","item":"https:\/\/www.laguiadepamplona.com\/actualidad\/"},{"@type":"ListItem","position":2,"name":"El pr\u00f3ximo viernes, a las 21 horas, La Dolorosa ser\u00e1 trasladada en andas desde San Lorenzo hasta la Catedral, iniciando la Semana Santa en la ciudad"}]},{"@type":"WebSite","@id":"https:\/\/www.laguiadepamplona.com\/actualidad\/#website","url":"https:\/\/www.laguiadepamplona.com\/actualidad\/","name":"La gu\u00eda de Pamplona","description":"Noticias de Pamplona","publisher":{"@id":"https:\/\/www.laguiadepamplona.com\/actualidad\/#organization"},"potentialAction":[{"@type":"SearchAction","target":{"@type":"EntryPoint","urlTemplate":"https:\/\/www.laguiadepamplona.com\/actualidad\/?s={search_term_string}"},"query-input":{"@type":"PropertyValueSpecification","valueRequired":true,"valueName":"search_term_string"}}],"inLanguage":"es"},{"@type":"Organization","@id":"https:\/\/www.laguiadepamplona.com\/actualidad\/#organization","name":"La Gu\u00eda de Pamplona \/ Noticias","url":"https:\/\/www.laguiadepamplona.com\/actualidad\/","logo":{"@type":"ImageObject","inLanguage":"es","@id":"https:\/\/www.laguiadepamplona.com\/actualidad\/#\/schema\/logo\/image\/","url":"https:\/\/www.laguiadepamplona.com\/actualidad\/wp-content\/uploads\/2018\/11\/logo-laguiadepamplona18-web1.png","contentUrl":"https:\/\/www.laguiadepamplona.com\/actualidad\/wp-content\/uploads\/2018\/11\/logo-laguiadepamplona18-web1.png","width":600,"height":196,"caption":"La Gu\u00eda de Pamplona \/ Noticias"},"image":{"@id":"https:\/\/www.laguiadepamplona.com\/actualidad\/#\/schema\/logo\/image\/"},"sameAs":["https:\/\/www.facebook.com\/laguiadepamplonacom-133175176762273\/?ref=hl","https:\/\/x.com\/LaGuiadPamplona","https:\/\/www.instagram.com\/la_guia_de_pamplona\/","https:\/\/www.youtube.com\/user\/laguiadepamplona"]},{"@type":"Person","@id":"https:\/\/www.laguiadepamplona.com\/actualidad\/#\/schema\/person\/efe887376f0213d4657c93adc50b1fdb","name":"La Gu\u00eda de Pamplona","image":{"@type":"ImageObject","inLanguage":"es","@id":"https:\/\/secure.gravatar.com\/avatar\/b6992f131dc8d30ab0dff15446e9d346d9dbd95992de0fef795073f5ea83a81c?s=96&d=mm&r=g","url":"https:\/\/secure.gravatar.com\/avatar\/b6992f131dc8d30ab0dff15446e9d346d9dbd95992de0fef795073f5ea83a81c?s=96&d=mm&r=g","contentUrl":"https:\/\/secure.gravatar.com\/avatar\/b6992f131dc8d30ab0dff15446e9d346d9dbd95992de0fef795073f5ea83a81c?s=96&d=mm&r=g","caption":"La Gu\u00eda de Pamplona"}}]}},"post_mailing_queue_ids":[],"_links":{"self":[{"href":"https:\/\/www.laguiadepamplona.com\/actualidad\/wp-json\/wp\/v2\/posts\/1050","targetHints":{"allow":["GET"]}}],"collection":[{"href":"https:\/\/www.laguiadepamplona.com\/actualidad\/wp-json\/wp\/v2\/posts"}],"about":[{"href":"https:\/\/www.laguiadepamplona.com\/actualidad\/wp-json\/wp\/v2\/types\/post"}],"author":[{"embeddable":true,"href":"https:\/\/www.laguiadepamplona.com\/actualidad\/wp-json\/wp\/v2\/users\/1"}],"replies":[{"embeddable":true,"href":"https:\/\/www.laguiadepamplona.com\/actualidad\/wp-json\/wp\/v2\/comments?post=1050"}],"version-history":[{"count":0,"href":"https:\/\/www.laguiadepamplona.com\/actualidad\/wp-json\/wp\/v2\/posts\/1050\/revisions"}],"wp:featuredmedia":[{"embeddable":true,"href":"https:\/\/www.laguiadepamplona.com\/actualidad\/wp-json\/"}],"wp:attachment":[{"href":"https:\/\/www.laguiadepamplona.com\/actualidad\/wp-json\/wp\/v2\/media?parent=1050"}],"wp:term":[{"taxonomy":"category","embeddable":true,"href":"https:\/\/www.laguiadepamplona.com\/actualidad\/wp-json\/wp\/v2\/categories?post=1050"},{"taxonomy":"post_tag","embeddable":true,"href":"https:\/\/www.laguiadepamplona.com\/actualidad\/wp-json\/wp\/v2\/tags?post=1050"}],"curies":[{"name":"wp","href":"https:\/\/api.w.org\/{rel}","templated":true}]}}