{"id":1002,"date":"2014-04-01T11:40:39","date_gmt":"2014-04-01T10:40:39","guid":{"rendered":"http:\/\/laguiadepamplona.es\/noticias\/?p=1002"},"modified":"2014-04-01T11:40:39","modified_gmt":"2014-04-01T10:40:39","slug":"pamplona-sera-la-sede-el-proximo-octubre-de-un-congreso-internacional-sobre-gestion-y-desarrollo-sostenible-del-patrimonio-fortificado","status":"publish","type":"post","link":"https:\/\/www.laguiadepamplona.com\/actualidad\/pamplona-sera-la-sede-el-proximo-octubre-de-un-congreso-internacional-sobre-gestion-y-desarrollo-sostenible-del-patrimonio-fortificado\/","title":{"rendered":"Pamplona ser\u00e1 la sede, el pr\u00f3ximo octubre, de un Congreso Internacional sobre gesti\u00f3n y desarrollo sostenible del Patrimonio Fortificado"},"content":{"rendered":"<h6>Hasta el 30 de abril se pueden presentar propuestas de comunicaciones<\/h6>\n<p><a href=\"http:\/\/laguiadepamplona.es\/noticias\/wp-content\/uploads\/2014\/01\/fortius.jpg\"><img loading=\"lazy\" decoding=\"async\" class=\"alignleft size-medium wp-image-46\" alt=\"fortius\" src=\"http:\/\/laguiadepamplona.es\/noticias\/wp-content\/uploads\/2014\/01\/fortius-300x168.jpg\" width=\"300\" height=\"168\" \/><\/a>La Casa-Palacio del Condestable acoger\u00e1, del 15 al 17 de octubre de 2014 el Congreso Internacional sobre Patrimonio Fortificado: Gesti\u00f3n y Desarrollo Sostenible, en el que expertos internacionales podr\u00e1n compartir experiencias, poner en com\u00fan t\u00e9cnicas y metodolog\u00edas y debatir sobre distintos aspecto de la conservaci\u00f3n y gesti\u00f3n del patrimonio militar, se\u00f1a de identidad de muchas ciudades del mundo.<\/p>\n<p>Hoy el Gerente del Ayuntamiento de Pamplona, Jos\u00e9 Vicente Valdenebro y el concejal delegado de Educaci\u00f3n y Cultura, Ferm\u00edn Alonso, han presentado esta ma\u00f1ana a la Junta de Gobierno Local las l\u00edneas maestras de esta cita enfocada a investigadores, arquitectos, urbanistas, paisajistas, historiadores, soci\u00f3logos, economistas, trabajadores de las administraciones p\u00fablicas, etc., relacionados con el \u00e1mbito de la ciudad y el patrimonio.<\/p>\n<p>Hasta el 30 de abril estar\u00e1 abierto el plazo para que los interesados en participar presenten res\u00famenes de comunicaciones que deber\u00e1n ser seleccionados por el Comit\u00e9 Cient\u00edfico del congreso de cara a su presentaci\u00f3n p\u00fablica durante las jornadas. El congreso se articular\u00e1 en tres tipos de sesiones, 6 sesiones magistrales, seis mesas redondas de expertos, seguidas por coloquios y varias sesiones simult\u00e1neas de 90 minutos de presentaci\u00f3n de comunicaciones breves. Los participantes tendr\u00e1n, adem\u00e1s, un plan de actividades vinculado a la visita de espacios emblem\u00e1ticos de las fortificaciones de la ciudad, entre otros, la Ciudadela, el conjunto fortificado y el Centro de Interpretaci\u00f3n de las Fortificaciones de Pamplona.<\/p>\n<p>El congreso forma parte de las actividades de divulgaci\u00f3n del patrimonio fortificado y de cooperaci\u00f3n institucional emprendida por los consistorios de Pamplona y Bayona dentro del FORTIUS, unas actuaciones est\u00e1n subvencionadas por la Uni\u00f3n Europea a trav\u00e9s de Programa Operativo Territorial Espa\u00f1a-Francia-Andorra (POCTEFA), que se gestiona en la Comunidad de Trabajo de los Pirineos (CTP).<\/p>\n<p><strong>http:\/\/congress.fortiuspamplonabayonne.eu<\/strong><\/p>\n<p>Ya est\u00e1 disponible para la navegaci\u00f3n la web preparada para este evento que se ha realizado en cuatro idiomas. Formalmente el evento se denomina Congreso Internacional sobre Patrimonio Fortificado: Gesti\u00f3n y Desarrollo Sostenible- Internacional Conference on Fortified Heritage: Management and Sustainable Development y se realiza en colaboraci\u00f3n con Bayona.<\/p>\n<p>Se celebrar\u00e1 entre el 15 y el 17 de octubre y cada una de las jornadas trabajar\u00e1 un tema: \u201cEl monumento militar\u201d, \u201cEl monumento y su escala urbana\u201d y \u201cEl monumento como oportunidad\u201d. Esos tres grandes temas est\u00e1n a su vez dividido en ocho ejes. El primer d\u00eda se abordar\u00e1 lo relativo a conservaci\u00f3n y restauraci\u00f3n (1), planes de gesti\u00f3n (2) y gobernanza, seguridad y accesibilidad (3).<\/p>\n<p>La segunda jornada se revisar\u00e1 lo relativo a reutilizaci\u00f3n de las fortificaciones y sostenibilidad social y econ\u00f3mica (4), adem\u00e1s de incidir en paisajismo, mantenimiento y ordenaci\u00f3n del territorio en torno al patrimonio militar (5). Finalmente, el \u00fatimo d\u00eda del congreso se abordar\u00e1 la vertiente de financiaci\u00f3n, trabajo de fundaciones y voluntariado (6), comunicaci\u00f3n, marketing y branding (7) y la valorizaci\u00f3n educativa, cultural y tur\u00edstica (8).<\/p>\n<p><strong>Esfuerzo de divulgaci\u00f3n a diferentes niveles<\/strong><\/p>\n<p>Si FORTIUS conlleva la restauraci\u00f3n de patrimonio fortificado y la incorporaci\u00f3n a \u00e9ste de mejoras funcionales, su destino final es la valorizaci\u00f3n cultural y turistica para generar usos y recursos sociales \u201cvivos\u201d alrededor de las murallas. El congreso que se presenta hoy se enmarca en el cap\u00edtulo de divulgaci\u00f3n y an\u00e1lisis de buenas pr\u00e1cticas, para fundar las decisiones que, m\u00e1s all\u00e1 de c\u00f3mo mera referencia cultural, colocar\u00e1n el Patrimonio Fortificado en el centro de la dinamizaci\u00f3n de la vida de la ciudad, recuperandolo para la vida civil.<\/p>\n<p>M\u00e1s all\u00e1 de estas acciones destinandas a especialistas, como este congreso, en el \u00e1mbito de la divulgaci\u00f3n, investigaci\u00f3n y an\u00e1lisis, el Consistorio programa a lo largo del a\u00f1o visitas guiadas para ciudadanos y visitantes, realiza publicaciones de la colecci\u00f3n de libros \u2018Fortificaciones de Pamplona\u2019, mantiene un programa de intercambio entre centros escolares de Pamplona y Bayona y, el pasado a\u00f1o, organiz\u00f3 las primeras Jornadas de Recreaci\u00f3n Historica del Sitio y Capitulaci\u00f3n de Pamplona 1813-2013.<\/p>\n<p>Adem\u00e1s, los consistorios de Pamplona y Bayona cooperan editando conjuntamente folletos, patrocinan viajes de intercambio con periodistas de ambos pa\u00edses y los servicios de comunicaci\u00f3n de ambos Consistorios mantienen conjuntamente los contenidos de la web de FORTIUS (<a href=\"http:\/\/www.fortiuspamplonabayonne.eu\/\" target=\"_blank\">www.fortiuspamplonabayonne.eu<\/a>).<\/p>\n","protected":false},"excerpt":{"rendered":"<p>Hasta el 30 de abril se pueden presentar propuestas de comunicaciones La Casa-Palacio del Condestable acoger\u00e1, del 15 al 17 de octubre de 2014 el Congreso Internacional sobre Patrimonio Fortificado:&#8230;<\/p>\n","protected":false},"author":1,"featured_media":46,"comment_status":"open","ping_status":"open","sticky":false,"template":"","format":"standard","meta":{"footnotes":""},"categories":[2],"tags":[5,6,645,8,9,646,647],"class_list":["post-1002","post","type-post","status-publish","format-standard","has-post-thumbnail","hentry","category-ayuntamiento-pamplona","tag-actualidad","tag-ayto-pamplona","tag-congreso-internacional","tag-noticias","tag-pamplona","tag-pamplona-sera-la-sede","tag-patrimonio-fortificado"],"yoast_head":"<!-- This site is optimized with the Yoast SEO plugin v27.5 - https:\/\/yoast.com\/product\/yoast-seo-wordpress\/ -->\n<title>Pamplona ser\u00e1 la sede, el pr\u00f3ximo octubre, de un Congreso Internacional sobre gesti\u00f3n y desarrollo sostenible del Patrimonio Fortificado<\/title>\n<meta name=\"robots\" content=\"index, follow, max-snippet:-1, max-image-preview:large, max-video-preview:-1\" \/>\n<link rel=\"canonical\" href=\"https:\/\/www.laguiadepamplona.com\/actualidad\/pamplona-sera-la-sede-el-proximo-octubre-de-un-congreso-internacional-sobre-gestion-y-desarrollo-sostenible-del-patrimonio-fortificado\/\" \/>\n<meta property=\"og:locale\" content=\"es_ES\" \/>\n<meta property=\"og:type\" content=\"article\" \/>\n<meta property=\"og:title\" content=\"Pamplona ser\u00e1 la sede, el pr\u00f3ximo octubre, de un Congreso Internacional sobre gesti\u00f3n y desarrollo sostenible del Patrimonio Fortificado\" \/>\n<meta property=\"og:description\" content=\"Hasta el 30 de abril se pueden presentar propuestas de comunicaciones La Casa-Palacio del Condestable acoger\u00e1, del 15 al 17 de octubre de 2014 el Congreso Internacional sobre Patrimonio Fortificado:...\" \/>\n<meta property=\"og:url\" content=\"https:\/\/www.laguiadepamplona.com\/actualidad\/pamplona-sera-la-sede-el-proximo-octubre-de-un-congreso-internacional-sobre-gestion-y-desarrollo-sostenible-del-patrimonio-fortificado\/\" \/>\n<meta property=\"og:site_name\" content=\"La Gu\u00eda de Pamplona\" \/>\n<meta property=\"article:publisher\" content=\"https:\/\/www.facebook.com\/laguiadepamplonacom-133175176762273\/?ref=hl\" \/>\n<meta property=\"article:published_time\" content=\"2014-04-01T10:40:39+00:00\" \/>\n<meta name=\"author\" content=\"La Gu\u00eda de Pamplona\" \/>\n<meta name=\"twitter:card\" content=\"summary_large_image\" \/>\n<meta name=\"twitter:creator\" content=\"@LaGuiadPamplona\" \/>\n<meta name=\"twitter:site\" content=\"@LaGuiadPamplona\" \/>\n<meta name=\"twitter:label1\" content=\"Escrito por\" \/>\n\t<meta name=\"twitter:data1\" content=\"La Gu\u00eda de Pamplona\" \/>\n\t<meta name=\"twitter:label2\" content=\"Tiempo de lectura\" \/>\n\t<meta name=\"twitter:data2\" content=\"4 minutos\" \/>\n<script type=\"application\/ld+json\" class=\"yoast-schema-graph\">{\"@context\":\"https:\\\/\\\/schema.org\",\"@graph\":[{\"@type\":\"Article\",\"@id\":\"https:\\\/\\\/www.laguiadepamplona.com\\\/actualidad\\\/pamplona-sera-la-sede-el-proximo-octubre-de-un-congreso-internacional-sobre-gestion-y-desarrollo-sostenible-del-patrimonio-fortificado\\\/#article\",\"isPartOf\":{\"@id\":\"https:\\\/\\\/www.laguiadepamplona.com\\\/actualidad\\\/pamplona-sera-la-sede-el-proximo-octubre-de-un-congreso-internacional-sobre-gestion-y-desarrollo-sostenible-del-patrimonio-fortificado\\\/\"},\"author\":{\"name\":\"La Gu\u00eda de Pamplona\",\"@id\":\"https:\\\/\\\/www.laguiadepamplona.com\\\/actualidad\\\/#\\\/schema\\\/person\\\/efe887376f0213d4657c93adc50b1fdb\"},\"headline\":\"Pamplona ser\u00e1 la sede, el pr\u00f3ximo octubre, de un Congreso Internacional sobre gesti\u00f3n y desarrollo sostenible del Patrimonio Fortificado\",\"datePublished\":\"2014-04-01T10:40:39+00:00\",\"mainEntityOfPage\":{\"@id\":\"https:\\\/\\\/www.laguiadepamplona.com\\\/actualidad\\\/pamplona-sera-la-sede-el-proximo-octubre-de-un-congreso-internacional-sobre-gestion-y-desarrollo-sostenible-del-patrimonio-fortificado\\\/\"},\"wordCount\":761,\"commentCount\":0,\"publisher\":{\"@id\":\"https:\\\/\\\/www.laguiadepamplona.com\\\/actualidad\\\/#organization\"},\"image\":{\"@id\":\"https:\\\/\\\/www.laguiadepamplona.com\\\/actualidad\\\/pamplona-sera-la-sede-el-proximo-octubre-de-un-congreso-internacional-sobre-gestion-y-desarrollo-sostenible-del-patrimonio-fortificado\\\/#primaryimage\"},\"thumbnailUrl\":\"\",\"keywords\":[\"actualidad\",\"ayto pamplona\",\"Congreso Internacional\",\"noticias\",\"pamplona\",\"Pamplona ser\u00e1 la sede\",\"Patrimonio Fortificado\"],\"articleSection\":[\"Ayto Pamplona\"],\"inLanguage\":\"es\",\"potentialAction\":[{\"@type\":\"CommentAction\",\"name\":\"Comment\",\"target\":[\"https:\\\/\\\/www.laguiadepamplona.com\\\/actualidad\\\/pamplona-sera-la-sede-el-proximo-octubre-de-un-congreso-internacional-sobre-gestion-y-desarrollo-sostenible-del-patrimonio-fortificado\\\/#respond\"]}]},{\"@type\":\"WebPage\",\"@id\":\"https:\\\/\\\/www.laguiadepamplona.com\\\/actualidad\\\/pamplona-sera-la-sede-el-proximo-octubre-de-un-congreso-internacional-sobre-gestion-y-desarrollo-sostenible-del-patrimonio-fortificado\\\/\",\"url\":\"https:\\\/\\\/www.laguiadepamplona.com\\\/actualidad\\\/pamplona-sera-la-sede-el-proximo-octubre-de-un-congreso-internacional-sobre-gestion-y-desarrollo-sostenible-del-patrimonio-fortificado\\\/\",\"name\":\"Pamplona ser\u00e1 la sede, el pr\u00f3ximo octubre, de un Congreso Internacional sobre gesti\u00f3n y desarrollo sostenible del Patrimonio Fortificado\",\"isPartOf\":{\"@id\":\"https:\\\/\\\/www.laguiadepamplona.com\\\/actualidad\\\/#website\"},\"primaryImageOfPage\":{\"@id\":\"https:\\\/\\\/www.laguiadepamplona.com\\\/actualidad\\\/pamplona-sera-la-sede-el-proximo-octubre-de-un-congreso-internacional-sobre-gestion-y-desarrollo-sostenible-del-patrimonio-fortificado\\\/#primaryimage\"},\"image\":{\"@id\":\"https:\\\/\\\/www.laguiadepamplona.com\\\/actualidad\\\/pamplona-sera-la-sede-el-proximo-octubre-de-un-congreso-internacional-sobre-gestion-y-desarrollo-sostenible-del-patrimonio-fortificado\\\/#primaryimage\"},\"thumbnailUrl\":\"\",\"datePublished\":\"2014-04-01T10:40:39+00:00\",\"breadcrumb\":{\"@id\":\"https:\\\/\\\/www.laguiadepamplona.com\\\/actualidad\\\/pamplona-sera-la-sede-el-proximo-octubre-de-un-congreso-internacional-sobre-gestion-y-desarrollo-sostenible-del-patrimonio-fortificado\\\/#breadcrumb\"},\"inLanguage\":\"es\",\"potentialAction\":[{\"@type\":\"ReadAction\",\"target\":[\"https:\\\/\\\/www.laguiadepamplona.com\\\/actualidad\\\/pamplona-sera-la-sede-el-proximo-octubre-de-un-congreso-internacional-sobre-gestion-y-desarrollo-sostenible-del-patrimonio-fortificado\\\/\"]}]},{\"@type\":\"ImageObject\",\"inLanguage\":\"es\",\"@id\":\"https:\\\/\\\/www.laguiadepamplona.com\\\/actualidad\\\/pamplona-sera-la-sede-el-proximo-octubre-de-un-congreso-internacional-sobre-gestion-y-desarrollo-sostenible-del-patrimonio-fortificado\\\/#primaryimage\",\"url\":\"\",\"contentUrl\":\"\"},{\"@type\":\"BreadcrumbList\",\"@id\":\"https:\\\/\\\/www.laguiadepamplona.com\\\/actualidad\\\/pamplona-sera-la-sede-el-proximo-octubre-de-un-congreso-internacional-sobre-gestion-y-desarrollo-sostenible-del-patrimonio-fortificado\\\/#breadcrumb\",\"itemListElement\":[{\"@type\":\"ListItem\",\"position\":1,\"name\":\"Portada\",\"item\":\"https:\\\/\\\/www.laguiadepamplona.com\\\/actualidad\\\/\"},{\"@type\":\"ListItem\",\"position\":2,\"name\":\"Pamplona ser\u00e1 la sede, el pr\u00f3ximo octubre, de un Congreso Internacional sobre gesti\u00f3n y desarrollo sostenible del Patrimonio Fortificado\"}]},{\"@type\":\"WebSite\",\"@id\":\"https:\\\/\\\/www.laguiadepamplona.com\\\/actualidad\\\/#website\",\"url\":\"https:\\\/\\\/www.laguiadepamplona.com\\\/actualidad\\\/\",\"name\":\"La gu\u00eda de Pamplona\",\"description\":\"Noticias de Pamplona\",\"publisher\":{\"@id\":\"https:\\\/\\\/www.laguiadepamplona.com\\\/actualidad\\\/#organization\"},\"potentialAction\":[{\"@type\":\"SearchAction\",\"target\":{\"@type\":\"EntryPoint\",\"urlTemplate\":\"https:\\\/\\\/www.laguiadepamplona.com\\\/actualidad\\\/?s={search_term_string}\"},\"query-input\":{\"@type\":\"PropertyValueSpecification\",\"valueRequired\":true,\"valueName\":\"search_term_string\"}}],\"inLanguage\":\"es\"},{\"@type\":\"Organization\",\"@id\":\"https:\\\/\\\/www.laguiadepamplona.com\\\/actualidad\\\/#organization\",\"name\":\"La Gu\u00eda de Pamplona \\\/ Noticias\",\"url\":\"https:\\\/\\\/www.laguiadepamplona.com\\\/actualidad\\\/\",\"logo\":{\"@type\":\"ImageObject\",\"inLanguage\":\"es\",\"@id\":\"https:\\\/\\\/www.laguiadepamplona.com\\\/actualidad\\\/#\\\/schema\\\/logo\\\/image\\\/\",\"url\":\"https:\\\/\\\/www.laguiadepamplona.com\\\/actualidad\\\/wp-content\\\/uploads\\\/2018\\\/11\\\/logo-laguiadepamplona18-web1.png\",\"contentUrl\":\"https:\\\/\\\/www.laguiadepamplona.com\\\/actualidad\\\/wp-content\\\/uploads\\\/2018\\\/11\\\/logo-laguiadepamplona18-web1.png\",\"width\":600,\"height\":196,\"caption\":\"La Gu\u00eda de Pamplona \\\/ Noticias\"},\"image\":{\"@id\":\"https:\\\/\\\/www.laguiadepamplona.com\\\/actualidad\\\/#\\\/schema\\\/logo\\\/image\\\/\"},\"sameAs\":[\"https:\\\/\\\/www.facebook.com\\\/laguiadepamplonacom-133175176762273\\\/?ref=hl\",\"https:\\\/\\\/x.com\\\/LaGuiadPamplona\",\"https:\\\/\\\/www.instagram.com\\\/la_guia_de_pamplona\\\/\",\"https:\\\/\\\/www.youtube.com\\\/user\\\/laguiadepamplona\"]},{\"@type\":\"Person\",\"@id\":\"https:\\\/\\\/www.laguiadepamplona.com\\\/actualidad\\\/#\\\/schema\\\/person\\\/efe887376f0213d4657c93adc50b1fdb\",\"name\":\"La Gu\u00eda de Pamplona\",\"image\":{\"@type\":\"ImageObject\",\"inLanguage\":\"es\",\"@id\":\"https:\\\/\\\/secure.gravatar.com\\\/avatar\\\/b6992f131dc8d30ab0dff15446e9d346d9dbd95992de0fef795073f5ea83a81c?s=96&d=mm&r=g\",\"url\":\"https:\\\/\\\/secure.gravatar.com\\\/avatar\\\/b6992f131dc8d30ab0dff15446e9d346d9dbd95992de0fef795073f5ea83a81c?s=96&d=mm&r=g\",\"contentUrl\":\"https:\\\/\\\/secure.gravatar.com\\\/avatar\\\/b6992f131dc8d30ab0dff15446e9d346d9dbd95992de0fef795073f5ea83a81c?s=96&d=mm&r=g\",\"caption\":\"La Gu\u00eda de Pamplona\"}}]}<\/script>\n<!-- \/ Yoast SEO plugin. -->","yoast_head_json":{"title":"Pamplona ser\u00e1 la sede, el pr\u00f3ximo octubre, de un Congreso Internacional sobre gesti\u00f3n y desarrollo sostenible del Patrimonio Fortificado","robots":{"index":"index","follow":"follow","max-snippet":"max-snippet:-1","max-image-preview":"max-image-preview:large","max-video-preview":"max-video-preview:-1"},"canonical":"https:\/\/www.laguiadepamplona.com\/actualidad\/pamplona-sera-la-sede-el-proximo-octubre-de-un-congreso-internacional-sobre-gestion-y-desarrollo-sostenible-del-patrimonio-fortificado\/","og_locale":"es_ES","og_type":"article","og_title":"Pamplona ser\u00e1 la sede, el pr\u00f3ximo octubre, de un Congreso Internacional sobre gesti\u00f3n y desarrollo sostenible del Patrimonio Fortificado","og_description":"Hasta el 30 de abril se pueden presentar propuestas de comunicaciones La Casa-Palacio del Condestable acoger\u00e1, del 15 al 17 de octubre de 2014 el Congreso Internacional sobre Patrimonio Fortificado:...","og_url":"https:\/\/www.laguiadepamplona.com\/actualidad\/pamplona-sera-la-sede-el-proximo-octubre-de-un-congreso-internacional-sobre-gestion-y-desarrollo-sostenible-del-patrimonio-fortificado\/","og_site_name":"La Gu\u00eda de Pamplona","article_publisher":"https:\/\/www.facebook.com\/laguiadepamplonacom-133175176762273\/?ref=hl","article_published_time":"2014-04-01T10:40:39+00:00","author":"La Gu\u00eda de Pamplona","twitter_card":"summary_large_image","twitter_creator":"@LaGuiadPamplona","twitter_site":"@LaGuiadPamplona","twitter_misc":{"Escrito por":"La Gu\u00eda de Pamplona","Tiempo de lectura":"4 minutos"},"schema":{"@context":"https:\/\/schema.org","@graph":[{"@type":"Article","@id":"https:\/\/www.laguiadepamplona.com\/actualidad\/pamplona-sera-la-sede-el-proximo-octubre-de-un-congreso-internacional-sobre-gestion-y-desarrollo-sostenible-del-patrimonio-fortificado\/#article","isPartOf":{"@id":"https:\/\/www.laguiadepamplona.com\/actualidad\/pamplona-sera-la-sede-el-proximo-octubre-de-un-congreso-internacional-sobre-gestion-y-desarrollo-sostenible-del-patrimonio-fortificado\/"},"author":{"name":"La Gu\u00eda de Pamplona","@id":"https:\/\/www.laguiadepamplona.com\/actualidad\/#\/schema\/person\/efe887376f0213d4657c93adc50b1fdb"},"headline":"Pamplona ser\u00e1 la sede, el pr\u00f3ximo octubre, de un Congreso Internacional sobre gesti\u00f3n y desarrollo sostenible del Patrimonio Fortificado","datePublished":"2014-04-01T10:40:39+00:00","mainEntityOfPage":{"@id":"https:\/\/www.laguiadepamplona.com\/actualidad\/pamplona-sera-la-sede-el-proximo-octubre-de-un-congreso-internacional-sobre-gestion-y-desarrollo-sostenible-del-patrimonio-fortificado\/"},"wordCount":761,"commentCount":0,"publisher":{"@id":"https:\/\/www.laguiadepamplona.com\/actualidad\/#organization"},"image":{"@id":"https:\/\/www.laguiadepamplona.com\/actualidad\/pamplona-sera-la-sede-el-proximo-octubre-de-un-congreso-internacional-sobre-gestion-y-desarrollo-sostenible-del-patrimonio-fortificado\/#primaryimage"},"thumbnailUrl":"","keywords":["actualidad","ayto pamplona","Congreso Internacional","noticias","pamplona","Pamplona ser\u00e1 la sede","Patrimonio Fortificado"],"articleSection":["Ayto Pamplona"],"inLanguage":"es","potentialAction":[{"@type":"CommentAction","name":"Comment","target":["https:\/\/www.laguiadepamplona.com\/actualidad\/pamplona-sera-la-sede-el-proximo-octubre-de-un-congreso-internacional-sobre-gestion-y-desarrollo-sostenible-del-patrimonio-fortificado\/#respond"]}]},{"@type":"WebPage","@id":"https:\/\/www.laguiadepamplona.com\/actualidad\/pamplona-sera-la-sede-el-proximo-octubre-de-un-congreso-internacional-sobre-gestion-y-desarrollo-sostenible-del-patrimonio-fortificado\/","url":"https:\/\/www.laguiadepamplona.com\/actualidad\/pamplona-sera-la-sede-el-proximo-octubre-de-un-congreso-internacional-sobre-gestion-y-desarrollo-sostenible-del-patrimonio-fortificado\/","name":"Pamplona ser\u00e1 la sede, el pr\u00f3ximo octubre, de un Congreso Internacional sobre gesti\u00f3n y desarrollo sostenible del Patrimonio Fortificado","isPartOf":{"@id":"https:\/\/www.laguiadepamplona.com\/actualidad\/#website"},"primaryImageOfPage":{"@id":"https:\/\/www.laguiadepamplona.com\/actualidad\/pamplona-sera-la-sede-el-proximo-octubre-de-un-congreso-internacional-sobre-gestion-y-desarrollo-sostenible-del-patrimonio-fortificado\/#primaryimage"},"image":{"@id":"https:\/\/www.laguiadepamplona.com\/actualidad\/pamplona-sera-la-sede-el-proximo-octubre-de-un-congreso-internacional-sobre-gestion-y-desarrollo-sostenible-del-patrimonio-fortificado\/#primaryimage"},"thumbnailUrl":"","datePublished":"2014-04-01T10:40:39+00:00","breadcrumb":{"@id":"https:\/\/www.laguiadepamplona.com\/actualidad\/pamplona-sera-la-sede-el-proximo-octubre-de-un-congreso-internacional-sobre-gestion-y-desarrollo-sostenible-del-patrimonio-fortificado\/#breadcrumb"},"inLanguage":"es","potentialAction":[{"@type":"ReadAction","target":["https:\/\/www.laguiadepamplona.com\/actualidad\/pamplona-sera-la-sede-el-proximo-octubre-de-un-congreso-internacional-sobre-gestion-y-desarrollo-sostenible-del-patrimonio-fortificado\/"]}]},{"@type":"ImageObject","inLanguage":"es","@id":"https:\/\/www.laguiadepamplona.com\/actualidad\/pamplona-sera-la-sede-el-proximo-octubre-de-un-congreso-internacional-sobre-gestion-y-desarrollo-sostenible-del-patrimonio-fortificado\/#primaryimage","url":"","contentUrl":""},{"@type":"BreadcrumbList","@id":"https:\/\/www.laguiadepamplona.com\/actualidad\/pamplona-sera-la-sede-el-proximo-octubre-de-un-congreso-internacional-sobre-gestion-y-desarrollo-sostenible-del-patrimonio-fortificado\/#breadcrumb","itemListElement":[{"@type":"ListItem","position":1,"name":"Portada","item":"https:\/\/www.laguiadepamplona.com\/actualidad\/"},{"@type":"ListItem","position":2,"name":"Pamplona ser\u00e1 la sede, el pr\u00f3ximo octubre, de un Congreso Internacional sobre gesti\u00f3n y desarrollo sostenible del Patrimonio Fortificado"}]},{"@type":"WebSite","@id":"https:\/\/www.laguiadepamplona.com\/actualidad\/#website","url":"https:\/\/www.laguiadepamplona.com\/actualidad\/","name":"La gu\u00eda de Pamplona","description":"Noticias de Pamplona","publisher":{"@id":"https:\/\/www.laguiadepamplona.com\/actualidad\/#organization"},"potentialAction":[{"@type":"SearchAction","target":{"@type":"EntryPoint","urlTemplate":"https:\/\/www.laguiadepamplona.com\/actualidad\/?s={search_term_string}"},"query-input":{"@type":"PropertyValueSpecification","valueRequired":true,"valueName":"search_term_string"}}],"inLanguage":"es"},{"@type":"Organization","@id":"https:\/\/www.laguiadepamplona.com\/actualidad\/#organization","name":"La Gu\u00eda de Pamplona \/ Noticias","url":"https:\/\/www.laguiadepamplona.com\/actualidad\/","logo":{"@type":"ImageObject","inLanguage":"es","@id":"https:\/\/www.laguiadepamplona.com\/actualidad\/#\/schema\/logo\/image\/","url":"https:\/\/www.laguiadepamplona.com\/actualidad\/wp-content\/uploads\/2018\/11\/logo-laguiadepamplona18-web1.png","contentUrl":"https:\/\/www.laguiadepamplona.com\/actualidad\/wp-content\/uploads\/2018\/11\/logo-laguiadepamplona18-web1.png","width":600,"height":196,"caption":"La Gu\u00eda de Pamplona \/ Noticias"},"image":{"@id":"https:\/\/www.laguiadepamplona.com\/actualidad\/#\/schema\/logo\/image\/"},"sameAs":["https:\/\/www.facebook.com\/laguiadepamplonacom-133175176762273\/?ref=hl","https:\/\/x.com\/LaGuiadPamplona","https:\/\/www.instagram.com\/la_guia_de_pamplona\/","https:\/\/www.youtube.com\/user\/laguiadepamplona"]},{"@type":"Person","@id":"https:\/\/www.laguiadepamplona.com\/actualidad\/#\/schema\/person\/efe887376f0213d4657c93adc50b1fdb","name":"La Gu\u00eda de Pamplona","image":{"@type":"ImageObject","inLanguage":"es","@id":"https:\/\/secure.gravatar.com\/avatar\/b6992f131dc8d30ab0dff15446e9d346d9dbd95992de0fef795073f5ea83a81c?s=96&d=mm&r=g","url":"https:\/\/secure.gravatar.com\/avatar\/b6992f131dc8d30ab0dff15446e9d346d9dbd95992de0fef795073f5ea83a81c?s=96&d=mm&r=g","contentUrl":"https:\/\/secure.gravatar.com\/avatar\/b6992f131dc8d30ab0dff15446e9d346d9dbd95992de0fef795073f5ea83a81c?s=96&d=mm&r=g","caption":"La Gu\u00eda de Pamplona"}}]}},"post_mailing_queue_ids":[],"_links":{"self":[{"href":"https:\/\/www.laguiadepamplona.com\/actualidad\/wp-json\/wp\/v2\/posts\/1002","targetHints":{"allow":["GET"]}}],"collection":[{"href":"https:\/\/www.laguiadepamplona.com\/actualidad\/wp-json\/wp\/v2\/posts"}],"about":[{"href":"https:\/\/www.laguiadepamplona.com\/actualidad\/wp-json\/wp\/v2\/types\/post"}],"author":[{"embeddable":true,"href":"https:\/\/www.laguiadepamplona.com\/actualidad\/wp-json\/wp\/v2\/users\/1"}],"replies":[{"embeddable":true,"href":"https:\/\/www.laguiadepamplona.com\/actualidad\/wp-json\/wp\/v2\/comments?post=1002"}],"version-history":[{"count":0,"href":"https:\/\/www.laguiadepamplona.com\/actualidad\/wp-json\/wp\/v2\/posts\/1002\/revisions"}],"wp:featuredmedia":[{"embeddable":true,"href":"https:\/\/www.laguiadepamplona.com\/actualidad\/wp-json\/"}],"wp:attachment":[{"href":"https:\/\/www.laguiadepamplona.com\/actualidad\/wp-json\/wp\/v2\/media?parent=1002"}],"wp:term":[{"taxonomy":"category","embeddable":true,"href":"https:\/\/www.laguiadepamplona.com\/actualidad\/wp-json\/wp\/v2\/categories?post=1002"},{"taxonomy":"post_tag","embeddable":true,"href":"https:\/\/www.laguiadepamplona.com\/actualidad\/wp-json\/wp\/v2\/tags?post=1002"}],"curies":[{"name":"wp","href":"https:\/\/api.w.org\/{rel}","templated":true}]}}