{"id":33727,"global_id":"www.laguiadepamplona.com\/actualidad?id=33727","global_id_lineage":["www.laguiadepamplona.com\/actualidad?id=33727"],"author":"1","status":"publish","date":"2021-03-15 16:43:16","date_utc":"2021-03-15 14:43:16","modified":"2021-03-15 16:43:16","modified_utc":"2021-03-15 14:43:16","url":"https:\/\/www.laguiadepamplona.com\/actualidad\/evento\/charla-soberania-alimentaria-impactos-de-la-pandemia-retos-y-propuestas\/","rest_url":"https:\/\/www.laguiadepamplona.com\/actualidad\/wp-json\/tribe\/events\/v1\/events\/33727","title":"Charla. \u2018Soberan\u00eda alimentaria, impactos de la pandemia, retos y propuestas\u2019.","description":"<p class=\"3Texto\">La sesi\u00f3n forma parte del programa \u2018Una Ventana al mundo, formaci\u00f3n para la solidaridad\u2019 que organizan la Fundaci\u00f3n ALBOAN y la Asociaci\u00f3n SEI. <span style=\"color: #202122;\">La\u00a0soberan\u00eda alimentaria\u00a0es la capacidad de cada pueblo para definir sus propias pol\u00edticas agrarias y alimentarias, de acuerdo a objetivos de desarrollo sostenibles y de seguridad alimentaria. Participar\u00e1n en la sesi\u00f3n <\/span>Claudia Ruiz, de SERJUS Guatemala, Mayu Serreau H\u00fcbner de Mugarik Gabe Nafarroa, y Daniel Beaumont, de la asociaci\u00f3n Piparrika.<\/p>\n<p><span style=\"font-size: 12.0pt;\">Casa de la Juventud, 18 horas. Entrada libre, previa retirada de invitaciones desde el d\u00eda anterior.<\/span><\/p>\n<p>&nbsp;<br \/>\n<script async src=\"\/\/pagead2.googlesyndication.com\/pagead\/js\/adsbygoogle.js\"><\/script><br \/>\n<!-- Noticias La Guia de Pamplona --><br \/>\n<ins class=\"adsbygoogle\"\nstyle=\"display:block\"\ndata-ad-client=\"ca-pub-6943679897239327\"\ndata-ad-slot=\"7048180777\"\ndata-ad-format=\"auto\"><\/ins><br \/>\n<script>\n(adsbygoogle = window.adsbygoogle || []).push({});\n<\/script><\/p>","excerpt":"","slug":"charla-soberania-alimentaria-impactos-de-la-pandemia-retos-y-propuestas","image":{"url":"https:\/\/www.laguiadepamplona.com\/actualidad\/wp-content\/uploads\/2021\/01\/CASA-DE-LA-JUVENTUD.jpg","id":32672,"extension":"jpg","width":1920,"height":1080,"sizes":{"medium":{"width":533,"height":300,"mime-type":"image\/jpeg","url":"https:\/\/www.laguiadepamplona.com\/actualidad\/wp-content\/uploads\/2021\/01\/CASA-DE-LA-JUVENTUD-533x300.jpg"},"large":{"width":1024,"height":576,"mime-type":"image\/jpeg","url":"https:\/\/www.laguiadepamplona.com\/actualidad\/wp-content\/uploads\/2021\/01\/CASA-DE-LA-JUVENTUD-1024x576.jpg"},"thumbnail":{"width":150,"height":150,"mime-type":"image\/jpeg","url":"https:\/\/www.laguiadepamplona.com\/actualidad\/wp-content\/uploads\/2021\/01\/CASA-DE-LA-JUVENTUD-150x150.jpg"},"medium_large":{"width":768,"height":432,"mime-type":"image\/jpeg","url":"https:\/\/www.laguiadepamplona.com\/actualidad\/wp-content\/uploads\/2021\/01\/CASA-DE-LA-JUVENTUD-768x432.jpg"},"1536x1536":{"width":1536,"height":864,"mime-type":"image\/jpeg","url":"https:\/\/www.laguiadepamplona.com\/actualidad\/wp-content\/uploads\/2021\/01\/CASA-DE-LA-JUVENTUD-1536x864.jpg"},"shareaholic-thumbnail":{"width":640,"height":360,"mime-type":"image\/jpeg","url":"https:\/\/www.laguiadepamplona.com\/actualidad\/wp-content\/uploads\/2021\/01\/CASA-DE-LA-JUVENTUD-640x360.jpg"},"cityrama_qodef_square":{"width":550,"height":550,"mime-type":"image\/jpeg","url":"https:\/\/www.laguiadepamplona.com\/actualidad\/wp-content\/uploads\/2021\/01\/CASA-DE-LA-JUVENTUD-550x550.jpg"},"cityrama_qodef_landscape":{"width":1100,"height":550,"mime-type":"image\/jpeg","url":"https:\/\/www.laguiadepamplona.com\/actualidad\/wp-content\/uploads\/2021\/01\/CASA-DE-LA-JUVENTUD-1100x550.jpg"},"cityrama_qodef_portrait":{"width":550,"height":1080,"mime-type":"image\/jpeg","url":"https:\/\/www.laguiadepamplona.com\/actualidad\/wp-content\/uploads\/2021\/01\/CASA-DE-LA-JUVENTUD-550x1080.jpg"},"cityrama_qodef_huge":{"width":1100,"height":1080,"mime-type":"image\/jpeg","url":"https:\/\/www.laguiadepamplona.com\/actualidad\/wp-content\/uploads\/2021\/01\/CASA-DE-LA-JUVENTUD-1100x1080.jpg"},"cityrama_qodef_slider":{"width":1920,"height":694,"mime-type":"image\/jpeg","url":"https:\/\/www.laguiadepamplona.com\/actualidad\/wp-content\/uploads\/2021\/01\/CASA-DE-LA-JUVENTUD-1920x694.jpg"}}},"all_day":false,"start_date":"2021-03-17 18:00:00","start_date_details":{"year":"2021","month":"03","day":"17","hour":"18","minutes":"00","seconds":"00"},"end_date":"2021-03-17 19:30:00","end_date_details":{"year":"2021","month":"03","day":"17","hour":"19","minutes":"30","seconds":"00"},"utc_start_date":"2021-03-17 16:00:00","utc_start_date_details":{"year":"2021","month":"03","day":"17","hour":"16","minutes":"00","seconds":"00"},"utc_end_date":"2021-03-17 17:30:00","utc_end_date_details":{"year":"2021","month":"03","day":"17","hour":"17","minutes":"30","seconds":"00"},"timezone":"UTC+2","timezone_abbr":"UTC+2","cost":"","cost_details":{"currency_symbol":"","currency_code":"","currency_position":"suffix","values":[]},"website":"","show_map":true,"show_map_link":true,"hide_from_listings":false,"sticky":false,"featured":false,"categories":[{"name":"Ayuntamiento","slug":"ayuntamiento","term_group":0,"term_taxonomy_id":9405,"taxonomy":"tribe_events_cat","description":"","parent":0,"count":1027,"filter":"raw","id":9405,"urls":{"self":"https:\/\/www.laguiadepamplona.com\/actualidad\/wp-json\/tribe\/events\/v1\/categories\/9405","collection":"https:\/\/www.laguiadepamplona.com\/actualidad\/wp-json\/tribe\/events\/v1\/categories"}}],"tags":[],"venue":{"id":32674,"author":"1","status":"publish","date":"2021-01-11 16:23:58","date_utc":"2021-01-11 14:23:58","modified":"2021-01-11 16:23:58","modified_utc":"2021-01-11 14:23:58","url":"https:\/\/www.laguiadepamplona.com\/actualidad\/recinto\/casa-de-la-juventud\/","venue":"Casa de la Juventud","slug":"casa-de-la-juventud","address":"Calle de Sang\u00fcesa, 30","city":"Pamplona","country":"Espa\u00f1a","province":"Navarra","zip":"31003","phone":"948 233 512","stateprovince":"Navarra","json_ld":{"@type":"Place","name":"Casa de la Juventud","description":"","url":"","address":{"@type":"PostalAddress","streetAddress":"Calle de Sang\u00fcesa, 30","addressLocality":"Pamplona","addressRegion":"Navarra","postalCode":"31003","addressCountry":"Espa\u00f1a"},"telephone":"948 233 512","sameAs":""},"show_map":true,"show_map_link":true,"global_id":"www.laguiadepamplona.com\/actualidad?id=32674","global_id_lineage":["www.laguiadepamplona.com\/actualidad?id=32674"]},"organizer":[],"custom_fields":[],"json_ld":{"@context":"http:\/\/schema.org","@type":"Event","name":"Charla. \u2018Soberan\u00eda alimentaria, impactos de la pandemia, retos y propuestas\u2019.","description":"&lt;p&gt;La sesi\u00f3n forma parte del programa \u2018Una Ventana al mundo, formaci\u00f3n para la solidaridad\u2019 que organizan la Fundaci\u00f3n ALBOAN y la Asociaci\u00f3n SEI. La\u00a0soberan\u00eda alimentaria\u00a0es la capacidad de cada pueblo...&lt;\/p&gt;\\n","image":"https:\/\/www.laguiadepamplona.com\/actualidad\/wp-content\/uploads\/2021\/01\/CASA-DE-LA-JUVENTUD.jpg","url":"https:\/\/www.laguiadepamplona.com\/actualidad\/evento\/charla-soberania-alimentaria-impactos-de-la-pandemia-retos-y-propuestas\/","eventAttendanceMode":"https:\/\/schema.org\/OfflineEventAttendanceMode","eventStatus":"https:\/\/schema.org\/EventScheduled","startDate":"2021-03-17T18:00:00+02:00","endDate":"2021-03-17T19:30:00+02:00","location":{"@type":"Place","name":"Casa de la Juventud","description":"","url":"","address":{"@type":"PostalAddress","streetAddress":"Calle de Sang\u00fcesa, 30","addressLocality":"Pamplona","addressRegion":"Navarra","postalCode":"31003","addressCountry":"Espa\u00f1a"},"telephone":"948 233 512","sameAs":""},"performer":"Organization"}}