{"id":33722,"global_id":"www.laguiadepamplona.com\/actualidad?id=33722","global_id_lineage":["www.laguiadepamplona.com\/actualidad?id=33722"],"author":"1","status":"publish","date":"2021-03-15 16:40:33","date_utc":"2021-03-15 14:40:33","modified":"2021-03-15 16:40:33","modified_utc":"2021-03-15 14:40:33","url":"https:\/\/www.laguiadepamplona.com\/actualidad\/evento\/musync-21-conferencia-concierto-exposicion-los-laudes-de-la-ruta-de-la-seda-proyeccion-de-documental\/","rest_url":"https:\/\/www.laguiadepamplona.com\/actualidad\/wp-json\/tribe\/events\/v1\/events\/33722","title":"Musync! 21. Conferencia \u2013 concierto \u2013 exposici\u00f3n. \u2018Los la\u00fades de la ruta de la seda\u2019. Proyecci\u00f3n de documental.","description":"<p class=\"3Texto\">Enrique Galdeano Aguirre, m\u00fasico especializado en la interpretaci\u00f3n de instrumentos \u00e9tnicos y antiguos de cuerda pulsada, protagoniza una sesi\u00f3n en la que se mostrar\u00e1, a trav\u00e9s de im\u00e1genes y elementos reales, una gran variedad de instrumentos de la familia del la\u00fad: desde Europa hasta China, pasando por Oriente Medio y Asia Central, a la vez que se hacen peque\u00f1as interpretaciones de temas tradicionales de los distintos lugares que atraviesa esta ruta comercial y cultural. De esta manera, se escuchar\u00e1n temas medievales europeos y de las tradiciones turca, azer\u00ed, persa, afgana, uzbeka, india y uigur, con los la\u00fades t\u00edpicos de cada regi\u00f3n.<\/p>\n<p><span style=\"font-size: 12.0pt;\">Civivox Condestable, 19.30 horas. Entrada libre, previa inscripci\u00f3n en el 010, en la red Civivox o en la web <a href=\"http:\/\/www.pamplonaescultura.es\" target=\"_blank\" rel=\"noopener\">www.pamplonaescultura.es<\/a><\/span><\/p>\n<p>&nbsp;<br \/>\n<script async src=\"\/\/pagead2.googlesyndication.com\/pagead\/js\/adsbygoogle.js\"><\/script><br \/>\n<!-- Noticias La Guia de Pamplona --><br \/>\n<ins class=\"adsbygoogle\"\nstyle=\"display:block\"\ndata-ad-client=\"ca-pub-6943679897239327\"\ndata-ad-slot=\"7048180777\"\ndata-ad-format=\"auto\"><\/ins><br \/>\n<script>\n(adsbygoogle = window.adsbygoogle || []).push({});\n<\/script><\/p>","excerpt":"","slug":"musync-21-conferencia-concierto-exposicion-los-laudes-de-la-ruta-de-la-seda-proyeccion-de-documental","image":{"url":"https:\/\/www.laguiadepamplona.com\/actualidad\/wp-content\/uploads\/2021\/03\/Los-laudes-de-la-ruta-de-la-seda.jpg","id":33723,"extension":"jpg","width":952,"height":756,"sizes":{"medium":{"width":378,"height":300,"mime-type":"image\/jpeg","url":"https:\/\/www.laguiadepamplona.com\/actualidad\/wp-content\/uploads\/2021\/03\/Los-laudes-de-la-ruta-de-la-seda-378x300.jpg"},"large":{"width":859,"height":682,"mime-type":"image\/jpeg","url":"https:\/\/www.laguiadepamplona.com\/actualidad\/wp-content\/uploads\/2021\/03\/Los-laudes-de-la-ruta-de-la-seda-859x682.jpg"},"thumbnail":{"width":150,"height":150,"mime-type":"image\/jpeg","url":"https:\/\/www.laguiadepamplona.com\/actualidad\/wp-content\/uploads\/2021\/03\/Los-laudes-de-la-ruta-de-la-seda-150x150.jpg"},"medium_large":{"width":768,"height":610,"mime-type":"image\/jpeg","url":"https:\/\/www.laguiadepamplona.com\/actualidad\/wp-content\/uploads\/2021\/03\/Los-laudes-de-la-ruta-de-la-seda-768x610.jpg"},"shareaholic-thumbnail":{"width":640,"height":508,"mime-type":"image\/jpeg","url":"https:\/\/www.laguiadepamplona.com\/actualidad\/wp-content\/uploads\/2021\/03\/Los-laudes-de-la-ruta-de-la-seda-640x508.jpg"},"cityrama_qodef_square":{"width":550,"height":550,"mime-type":"image\/jpeg","url":"https:\/\/www.laguiadepamplona.com\/actualidad\/wp-content\/uploads\/2021\/03\/Los-laudes-de-la-ruta-de-la-seda-550x550.jpg"},"cityrama_qodef_landscape":{"width":952,"height":550,"mime-type":"image\/jpeg","url":"https:\/\/www.laguiadepamplona.com\/actualidad\/wp-content\/uploads\/2021\/03\/Los-laudes-de-la-ruta-de-la-seda-952x550.jpg"},"cityrama_qodef_portrait":{"width":550,"height":756,"mime-type":"image\/jpeg","url":"https:\/\/www.laguiadepamplona.com\/actualidad\/wp-content\/uploads\/2021\/03\/Los-laudes-de-la-ruta-de-la-seda-550x756.jpg"},"cityrama_qodef_slider":{"width":952,"height":694,"mime-type":"image\/jpeg","url":"https:\/\/www.laguiadepamplona.com\/actualidad\/wp-content\/uploads\/2021\/03\/Los-laudes-de-la-ruta-de-la-seda-952x694.jpg"}}},"all_day":false,"start_date":"2021-03-16 19:30:00","start_date_details":{"year":"2021","month":"03","day":"16","hour":"19","minutes":"30","seconds":"00"},"end_date":"2021-03-16 21:00:00","end_date_details":{"year":"2021","month":"03","day":"16","hour":"21","minutes":"00","seconds":"00"},"utc_start_date":"2021-03-16 17:30:00","utc_start_date_details":{"year":"2021","month":"03","day":"16","hour":"17","minutes":"30","seconds":"00"},"utc_end_date":"2021-03-16 19:00:00","utc_end_date_details":{"year":"2021","month":"03","day":"16","hour":"19","minutes":"00","seconds":"00"},"timezone":"UTC+2","timezone_abbr":"UTC+2","cost":"","cost_details":{"currency_symbol":"","currency_code":"","currency_position":"suffix","values":[]},"website":"","show_map":true,"show_map_link":true,"hide_from_listings":false,"sticky":false,"featured":false,"categories":[{"name":"Ayuntamiento","slug":"ayuntamiento","term_group":0,"term_taxonomy_id":9405,"taxonomy":"tribe_events_cat","description":"","parent":0,"count":1027,"filter":"raw","id":9405,"urls":{"self":"https:\/\/www.laguiadepamplona.com\/actualidad\/wp-json\/tribe\/events\/v1\/categories\/9405","collection":"https:\/\/www.laguiadepamplona.com\/actualidad\/wp-json\/tribe\/events\/v1\/categories"}}],"tags":[],"venue":{"id":32904,"author":"1","status":"publish","date":"2021-01-25 17:42:02","date_utc":"2021-01-25 15:42:02","modified":"2021-01-25 17:42:02","modified_utc":"2021-01-25 15:42:02","url":"https:\/\/www.laguiadepamplona.com\/actualidad\/recinto\/civivox-condestable\/","venue":"Civivox Condestable","slug":"civivox-condestable","address":"Calle Mayor, 2","city":"Pamplona","country":"Espa\u00f1a","province":"Navarra","zip":"31001","phone":"948224249","stateprovince":"Navarra","json_ld":{"@type":"Place","name":"Civivox Condestable","description":"","url":"","address":{"@type":"PostalAddress","streetAddress":"Calle Mayor, 2","addressLocality":"Pamplona","addressRegion":"Navarra","postalCode":"31001","addressCountry":"Espa\u00f1a"},"telephone":"948224249","sameAs":""},"show_map":true,"show_map_link":true,"global_id":"www.laguiadepamplona.com\/actualidad?id=32904","global_id_lineage":["www.laguiadepamplona.com\/actualidad?id=32904"]},"organizer":[],"custom_fields":[],"json_ld":{"@context":"http:\/\/schema.org","@type":"Event","name":"Musync! 21. Conferencia \u2013 concierto \u2013 exposici\u00f3n. \u2018Los la\u00fades de la ruta de la seda\u2019. Proyecci\u00f3n de documental.","description":"&lt;p&gt;Enrique Galdeano Aguirre, m\u00fasico especializado en la interpretaci\u00f3n de instrumentos \u00e9tnicos y antiguos de cuerda pulsada, protagoniza una sesi\u00f3n en la que se mostrar\u00e1, a trav\u00e9s de im\u00e1genes y elementos...&lt;\/p&gt;\\n","image":"https:\/\/www.laguiadepamplona.com\/actualidad\/wp-content\/uploads\/2021\/03\/Los-laudes-de-la-ruta-de-la-seda.jpg","url":"https:\/\/www.laguiadepamplona.com\/actualidad\/evento\/musync-21-conferencia-concierto-exposicion-los-laudes-de-la-ruta-de-la-seda-proyeccion-de-documental\/","eventAttendanceMode":"https:\/\/schema.org\/OfflineEventAttendanceMode","eventStatus":"https:\/\/schema.org\/EventScheduled","startDate":"2021-03-16T19:30:00+02:00","endDate":"2021-03-16T21:00:00+02:00","location":{"@type":"Place","name":"Civivox Condestable","description":"","url":"","address":{"@type":"PostalAddress","streetAddress":"Calle Mayor, 2","addressLocality":"Pamplona","addressRegion":"Navarra","postalCode":"31001","addressCountry":"Espa\u00f1a"},"telephone":"948224249","sameAs":""},"performer":"Organization"}}